{"id":113,"date":"2010-01-10T07:06:39","date_gmt":"2010-01-10T06:06:39","guid":{"rendered":"http:\/\/karstexplo.fr\/blog\/?p=113"},"modified":"2011-03-14T07:08:42","modified_gmt":"2011-03-14T06:08:42","slug":"explos-de-fin-dannee-en-cantabria","status":"publish","type":"post","link":"https:\/\/karstexplo.fr\/blog\/?p=113","title":{"rendered":"Explos de fin d&rsquo;ann\u00e9e en Cantabria"},"content":{"rendered":"<p style=\"text-align: justify;\">Nous  ne sommes pas nombreux pour ce s\u00e9jour hivernal de fin d&rsquo;ann\u00e9e. A deux,  nous nous replions sur des sorties de prospection notamment dans le  secteur de la Garma de Bucebron et de Pepiones. Durant ce s\u00e9jour nous  descendons une bonne trentaine de gouffres mais sans grand r\u00e9sultat  sp\u00e9l\u00e9ologique. L&rsquo;inventaire, en revanche, progresse bien puisque nous  localisons pas mal de cavit\u00e9s oubli\u00e9es au marquage illisible ou disparu.  La m\u00e9t\u00e9o \u00e9tant particuli\u00e8rement capricieuse, nous en profitons  \u00e9galement pour refaire quelques topos comme celle de la Copudia (n\u00b089)  au-dessus de l&rsquo;Escal\u00f2n.<\/p>\n<p style=\"text-align: center;\"><a href=\"http:\/\/storage.canalblog.com\/33\/79\/67416\/48393492.jpg\" target=\"_blank\"><img decoding=\"async\" loading=\"lazy\" src=\"http:\/\/storage.canalblog.com\/33\/79\/67416\/48393492_p.jpg\" border=\"0\" alt=\"Toba10\" width=\"225\" height=\"300\" \/><\/a><\/p>\n<p><em>La galerie d&rsquo;entr\u00e9e de la Copudia, sur le versant est de la pe\u00f1a Lavalle<\/em><\/p>\n<p style=\"text-align: justify;\">En  fin de s\u00e9jour, Ludo et Chantal viennent nous pr\u00eater main forte  notamment pour la d\u00e9sobstruction d&rsquo;un gouffre (BU18) explor\u00e9 en 1988 par  le SCP et qui aspire notablement. Malheureusement le courant d&rsquo;air  s&rsquo;enfile dans un m\u00e9andre imp\u00e9n\u00e9trable vers -50 m.<br \/>\nHeureusement, grace  \u00e0 une \u00e9quipe de choc compos\u00e9e d&rsquo;amis basques et cantabres nous  r\u00e9ussissons \u00e0 organiser une sortie \u00e0 la Gandara entre les f\u00eates  familiales des uns et des autres.<br \/>\nCe mardi 29 d\u00e9cembre, nous sommes  donc 7 \u00e0 entrer sous terre (Gotzon Aranzabal, P. et S. Degouve, D.  Dulanto, L. Guillot,\u00a0 J. Lopez Jorde, Ch. Nykiel) et cela nous permet  d\u2019emporter un peu de mat\u00e9riel \u00e0 laisser au bivouac, ainsi qu\u2019un  perforateur pour faire quelques escalades. Il nous faut pr\u00e8s de 3 heures  pour parvenir \u00e0 la premi\u00e8re qui se situe juste avant le Grand Puits.  C\u2019est un petit m\u00e9andre perch\u00e9 \u00e0 5 m de hauteur et 4 spits suffisent pour  n\u00e9gocier l\u2019obstacle. Nous nous engouffrons tous dans ce nouveau conduit  qui longe la galerie de la Proue avant de rejoindre un cairn  correspondant \u00e0 l\u2019extr\u00e9mit\u00e9 de la topographie de la galerie des Tuiles.  Une fois la topographie faite, nous nous rendons au bivouac pour y  d\u00e9poser un petit stock de mat\u00e9riel. Ensuite, nous gagnons la galerie 5.2  o\u00f9 une autre escalade n\u2019avait pas \u00e9t\u00e9 sortie par manque de temps (et  d\u2019envie de spiter\u2026). Celle-ci est un peu plus haute, mais surtout, le  sommet est recouvert d\u2019\u00e9boulis qui g\u00eanent pour sortir. Finalement Ludo  qui est charg\u00e9 de l\u2019affaire parvient dans une assez belle galerie mais  h\u00e9las compl\u00e8tement bouch\u00e9e par une tr\u00e9mie au bout de 5 m seulement\u2026 Il  ne nous reste plus qu\u2019\u00e0 faire demi-tour et comme certains ne connaissent  pas le r\u00e9seau, nous d\u00e9cidons de faire la boucle par la galerie des  An\u00e9mones, la M\u00e9sentente et la galerie des Anesth\u00e9sistes. Cela nous prend  un peu de temps et nous ressortons de la Gandara de nuit sous un ciel  \u00e9toil\u00e9 apr\u00e8s 11 h de crapahut.<\/p>\n<p style=\"text-align: center;\"><a href=\"http:\/\/storage.canalblog.com\/83\/64\/67416\/48393534.jpg\" target=\"_blank\"><img decoding=\"async\" loading=\"lazy\" class=\"aligncenter\" src=\"http:\/\/storage.canalblog.com\/83\/64\/67416\/48393534_p.jpg\" border=\"0\" alt=\"IMG_3977\" width=\"300\" height=\"225\" \/><\/a><br \/>\n<em><br \/>\nDiego et Gotzon, veritables cordons bleus&#8230;<\/em><\/p>\n<p style=\"text-align: justify;\">Le  soir, au chaud dans notre \u00ab\u00a0chateau\u00a0\u00bb, Diego et Gotzon nous pr\u00e9parent  quelques sp\u00e9cialit\u00e9s dont seuls les basques ont le secret.<br \/>\nAu 31 d\u00e9cembre, le r\u00e9seau de la Gandara mesure d\u00e9sormais 103727 m.<\/p>\n<p style=\"text-align: center;\"><a href=\"http:\/\/storage.canalblog.com\/90\/72\/67416\/48393591.jpg\" target=\"_blank\"><img decoding=\"async\" loading=\"lazy\" class=\"aligncenter\" src=\"http:\/\/storage.canalblog.com\/90\/72\/67416\/48393591_p.jpg\" border=\"0\" alt=\"Arbre01\" width=\"450\" height=\"338\" \/><\/a><\/p>\n<p style=\"text-align: center;\"><strong>Bonne ann\u00e9e \u00e0 tous.<\/strong><\/p>\n<p><em>Patrick Degouve<\/em><\/p>\n","protected":false},"excerpt":{"rendered":"<p>Nous ne sommes pas nombreux pour ce s\u00e9jour hivernal de fin d&rsquo;ann\u00e9e. A deux, nous nous replions sur des sorties de prospection notamment dans le secteur de la Garma de Bucebron et de Pepiones. Durant ce s\u00e9jour nous descendons une bonne trentaine de gouffres mais sans grand r\u00e9sultat sp\u00e9l\u00e9ologique. L&rsquo;inventaire, en revanche, progresse bien puisque [&hellip;]<\/p>\n","protected":false},"author":1,"featured_media":0,"comment_status":"open","ping_status":"open","sticky":false,"template":"","format":"standard","meta":[],"categories":[1],"tags":[],"_links":{"self":[{"href":"https:\/\/karstexplo.fr\/blog\/index.php?rest_route=\/wp\/v2\/posts\/113"}],"collection":[{"href":"https:\/\/karstexplo.fr\/blog\/index.php?rest_route=\/wp\/v2\/posts"}],"about":[{"href":"https:\/\/karstexplo.fr\/blog\/index.php?rest_route=\/wp\/v2\/types\/post"}],"author":[{"embeddable":true,"href":"https:\/\/karstexplo.fr\/blog\/index.php?rest_route=\/wp\/v2\/users\/1"}],"replies":[{"embeddable":true,"href":"https:\/\/karstexplo.fr\/blog\/index.php?rest_route=%2Fwp%2Fv2%2Fcomments&post=113"}],"version-history":[{"count":1,"href":"https:\/\/karstexplo.fr\/blog\/index.php?rest_route=\/wp\/v2\/posts\/113\/revisions"}],"predecessor-version":[{"id":114,"href":"https:\/\/karstexplo.fr\/blog\/index.php?rest_route=\/wp\/v2\/posts\/113\/revisions\/114"}],"wp:attachment":[{"href":"https:\/\/karstexplo.fr\/blog\/index.php?rest_route=%2Fwp%2Fv2%2Fmedia&parent=113"}],"wp:term":[{"taxonomy":"category","embeddable":true,"href":"https:\/\/karstexplo.fr\/blog\/index.php?rest_route=%2Fwp%2Fv2%2Fcategories&post=113"},{"taxonomy":"post_tag","embeddable":true,"href":"https:\/\/karstexplo.fr\/blog\/index.php?rest_route=%2Fwp%2Fv2%2Ftags&post=113"}],"curies":[{"name":"wp","href":"https:\/\/api.w.org\/{rel}","templated":true}]}}