{"id":196,"date":"2009-06-09T21:53:21","date_gmt":"2009-06-09T20:53:21","guid":{"rendered":"http:\/\/karstexplo.fr\/blog\/?p=196"},"modified":"2011-12-24T22:05:00","modified_gmt":"2011-12-24T21:05:00","slug":"systeme-hydrologique-de-la-cubera","status":"publish","type":"post","link":"https:\/\/karstexplo.fr\/blog\/?p=196","title":{"rendered":"Syst\u00e8me hydrologique de la Cubera"},"content":{"rendered":"<p><span style=\"color: #000000;\">La <strong><em>Cubera<\/em><\/strong> <\/span>(z = 185 m) est l&rsquo;\u00e9mergence p\u00e9renne d&rsquo;un grand syst\u00e8me qui s&rsquo;\u00e9tend  probablement depuis Valdicio et les flancs du rio Miera \u00e0 l&rsquo;ouest  jusqu&rsquo;au val d&rsquo;Ason \u00e0 l&rsquo;est.<br \/>\n<a href=\"http:\/\/storage.canalblog.com\/81\/69\/82770\/40519697.jpg\" target=\"_blank\"><img decoding=\"async\" loading=\"lazy\" src=\"http:\/\/storage.canalblog.com\/81\/69\/82770\/40519697_p.jpg\" border=\"0\" alt=\"cubera_syst_me_1_google___Copie\" width=\"450\" height=\"312\" \/><\/a><\/p>\n<p>Bien que la grande grotte reli\u00e9e<span style=\"color: #000000;\">, la <strong><em>Coventosa<\/em><\/strong><\/span>, soit une des cavit\u00e9s les plus anciennement explor\u00e9es, le collecteur n&rsquo;y est connu que dans son extr\u00eame aval.<br \/>\nLa source temporaire du<span style=\"color: #000000;\"> <strong><em>rio Sordo<\/em><\/strong>, <\/span>elle, fonctionne vraisemblablement comme trop-plein du m\u00eame syst\u00e8me.  Lors des p\u00e9riodes de crues son d\u00e9bit est alors bien sup\u00e9rieur \u00e0 celui de  la Cubera (voir les photos dans le message du 10 mars 2009).<br \/>\n<a href=\"http:\/\/storage.canalblog.com\/42\/11\/82770\/40519999.gif\" target=\"_blank\"><img decoding=\"async\" loading=\"lazy\" src=\"http:\/\/storage.canalblog.com\/42\/11\/82770\/40519999_p.gif\" border=\"0\" alt=\"Cubera_hydro_carte\" width=\"450\" height=\"326\" \/><\/a><\/p>\n<p>Le  bassin d&rsquo;alimentation actuel est limit\u00e9 au nord par le bombement  (pseudo-anticlinal) de Socueva. Au sud la ligne d&rsquo;affleurement des  biocalcar\u00e9nites de la Porra (niveau 6), juste au dessus des calcaires  r\u00e9cifaux de Bucebron (4), forme la limite de la zone d&rsquo;absorption en  collectant aussi les ruissellements des landes gr\u00e9seuses du niveau 7.  (pour plus de pr\u00e9cisions concernant le cadre g\u00e9ologique je renvoie au  messages du 12 mars 2006 et 10 d\u00e9cembre 2005. Je joins \u00e9galement une  coupe des syst\u00e8mes l\u00e9g\u00e8rement corrig\u00e9e).<br \/>\n<a href=\"http:\/\/storage.canalblog.com\/20\/47\/82770\/40520095.gif\" target=\"_blank\"><img decoding=\"async\" loading=\"lazy\" src=\"http:\/\/storage.canalblog.com\/20\/47\/82770\/40520095_p.gif\" border=\"0\" alt=\"Ason_Syst_mes_Coupe\" width=\"300\" height=\"205\" \/><\/a>Depuis  les ultimes explorations dans le r\u00e9seau Cueto-Coventosa qui datent d\u00e9j\u00e0  d&rsquo;une vingtaine d&rsquo;ann\u00e9es, les recherches sur ce syst\u00e8me ont \u00e9t\u00e9 peu  intensives. Cependant les d\u00e9co<span style=\"color: #000000;\">uvertes les plus r\u00e9centes \u00e0 la <strong><em>sima del Tejon<\/em><\/strong>,<\/span> -501 (groupe Rubi 2006) o<span style=\"color: #000000;\">u \u00e0 la <strong><em>torca del Gran Damocles<\/em><\/strong> <\/span>(\u00ab\u00a0sc Dijon\u00a0\u00bb 2008) offrent d&rsquo;all\u00e9chantes perspectives.<\/p>\n<p style=\"text-align: right;\"><em>Guy Simonnot<\/em><\/p>\n","protected":false},"excerpt":{"rendered":"<p>La Cubera (z = 185 m) est l&rsquo;\u00e9mergence p\u00e9renne d&rsquo;un grand syst\u00e8me qui s&rsquo;\u00e9tend probablement depuis Valdicio et les flancs du rio Miera \u00e0 l&rsquo;ouest jusqu&rsquo;au val d&rsquo;Ason \u00e0 l&rsquo;est. Bien que la grande grotte reli\u00e9e, la Coventosa, soit une des cavit\u00e9s les plus anciennement explor\u00e9es, le collecteur n&rsquo;y est connu que dans son extr\u00eame [&hellip;]<\/p>\n","protected":false},"author":1,"featured_media":0,"comment_status":"open","ping_status":"open","sticky":false,"template":"","format":"standard","meta":[],"categories":[27],"tags":[],"_links":{"self":[{"href":"https:\/\/karstexplo.fr\/blog\/index.php?rest_route=\/wp\/v2\/posts\/196"}],"collection":[{"href":"https:\/\/karstexplo.fr\/blog\/index.php?rest_route=\/wp\/v2\/posts"}],"about":[{"href":"https:\/\/karstexplo.fr\/blog\/index.php?rest_route=\/wp\/v2\/types\/post"}],"author":[{"embeddable":true,"href":"https:\/\/karstexplo.fr\/blog\/index.php?rest_route=\/wp\/v2\/users\/1"}],"replies":[{"embeddable":true,"href":"https:\/\/karstexplo.fr\/blog\/index.php?rest_route=%2Fwp%2Fv2%2Fcomments&post=196"}],"version-history":[{"count":3,"href":"https:\/\/karstexplo.fr\/blog\/index.php?rest_route=\/wp\/v2\/posts\/196\/revisions"}],"predecessor-version":[{"id":198,"href":"https:\/\/karstexplo.fr\/blog\/index.php?rest_route=\/wp\/v2\/posts\/196\/revisions\/198"}],"wp:attachment":[{"href":"https:\/\/karstexplo.fr\/blog\/index.php?rest_route=%2Fwp%2Fv2%2Fmedia&parent=196"}],"wp:term":[{"taxonomy":"category","embeddable":true,"href":"https:\/\/karstexplo.fr\/blog\/index.php?rest_route=%2Fwp%2Fv2%2Fcategories&post=196"},{"taxonomy":"post_tag","embeddable":true,"href":"https:\/\/karstexplo.fr\/blog\/index.php?rest_route=%2Fwp%2Fv2%2Ftags&post=196"}],"curies":[{"name":"wp","href":"https:\/\/api.w.org\/{rel}","templated":true}]}}