{"id":203,"date":"2009-09-15T22:10:35","date_gmt":"2009-09-15T21:10:35","guid":{"rendered":"http:\/\/karstexplo.fr\/blog\/?p=203"},"modified":"2011-12-24T22:15:00","modified_gmt":"2011-12-24T21:15:00","slug":"verano-2009","status":"publish","type":"post","link":"https:\/\/karstexplo.fr\/blog\/?p=203","title":{"rendered":"Verano 2009"},"content":{"rendered":"<p><span style=\"color: #000000;\">Malgr\u00e9 un nombre de participants toujours assez limit\u00e9, des  temps de s\u00e9jour souvent (trop) courts pour certains (hormis quelques  privil\u00e9gi\u00e9s), une moyenne d&rsquo;age \u00e9lev\u00e9e (qui ne s&rsquo;arrange pas au fil des  ann\u00e9es !), l&rsquo;\u00e9t\u00e9 2009 a apport\u00e9 son lot de d\u00e9couvertes et parfois de  surprises.<\/span><\/p>\n<p>Les r\u00e9sultats<\/p>\n<p style=\"text-align: center;\">\n<span style=\"color: #000000;\"><strong><em><a href=\"http:\/\/storage.canalblog.com\/33\/96\/82770\/47655926.jpg\" target=\"_blank\"><img decoding=\"async\" loading=\"lazy\" class=\"aligncenter\" src=\"http:\/\/storage.canalblog.com\/33\/96\/82770\/47655926_p.jpg\" border=\"0\" alt=\"Sereno09_24\" width=\"225\" height=\"300\" \/><\/a>Cueva de Sereno<\/em><\/strong><\/span><span style=\"color: #000000;\"> (San Roque)<\/span><\/p>\n<p style=\"text-align: justify;\"><span style=\"color: #000000;\"><br \/>\nTrois  ans apr\u00e8s nous sommes retourn\u00e9s dans l&rsquo;extr\u00eame amont de la grotte, au  bout de la p\u00e9nible galerie des Supplici\u00e9s (photo P. Degouve ci-contre).  Seulement 150 m de conduits ont \u00e9t\u00e9 ajout\u00e9s, le point haut topographi\u00e9  passe de +152 \u00e0 <\/span><span style=\"color: #000000;\"><em><strong>+165<\/strong><\/em> <\/span><span style=\"color: #000000;\">et  dans ce secteur les chemin\u00e9es terminales d\u00e9passent 50m. Le courant  d&rsquo;air existant permet de penser que des relations sont possibles avec le  plateau. Le potentiel en d\u00e9nivel\u00e9 peut \u00eatre de l&rsquo;ordre de 350m. Le  d\u00e9veloppement est de <\/span><span style=\"color: #000000;\"><em><strong>3870 m<\/strong><\/em><\/span><span style=\"color: #000000;\"> (3627 m topo). A noter : une des sorties de quinquag\u00e9naires (Sandrine 50, Patrick 52, Diego 54 et Guy 56)<br \/>\n<\/span><span style=\"color: #000000;\"><strong><em>Torca del Gran Damocles<\/em><\/strong><\/span><span style=\"color: #000000;\"> (Soba)<br \/>\nC&rsquo;est  un peu la d\u00e9ception de l&rsquo;\u00e9t\u00e9 car nous avions fond\u00e9 beaucoup d&rsquo;espoir  sur cette exploration. Les \u00e9crans gr\u00e9seux ont, pour l&rsquo;instant, eu raison  de notre motivation. Arr\u00eat \u00e0 <\/span><span style=\"color: #000000;\"><em><strong>-206<\/strong><\/em><\/span><span style=\"color: #000000;\">. D\u00e9veloppement <\/span><span style=\"color: #000000;\"><em><strong>1070 m<\/strong><\/em><\/span><span style=\"color: #000000;\">. (Gotzon, Oscar, Sandrine, Patrick, Guy)<\/span><\/p>\n<p style=\"text-align: center;\"><span style=\"color: #000000;\"><br \/>\n<a href=\"http:\/\/storage.canalblog.com\/86\/12\/82770\/44019652.jpg\" target=\"_blank\"><img decoding=\"async\" loading=\"lazy\" class=\"aligncenter\" src=\"http:\/\/storage.canalblog.com\/86\/12\/82770\/44019652_p.jpg\" border=\"0\" alt=\"P7250118___Copie\" width=\"300\" height=\"225\" \/><\/a><br \/>\n<\/span><span style=\"color: #000000;\"><em>Patrick, Sandrine et nos amis basques Gotzon et Oscar devant l&rsquo;entr\u00e9e de la Torca del Gran Damocles<\/em><\/span><\/p>\n<p style=\"text-align: justify;\"><span style=\"color: #000000;\"><br \/>\n<\/span><span style=\"color: #000000;\"><em><strong>Torca de la Garma de Bucebron<\/strong><\/em><\/span><span style=\"color: #000000;\"> (Arredondo)<br \/>\nDeux  jonctions successives \u00e0 -523 puis \u00e0 -470 (galerie des Vires) ont \u00e9t\u00e9  r\u00e9alis\u00e9es avec le r\u00e9seau Cueto-Coventosa. Le d\u00e9veloppement passe \u00e0  environ <\/span><span style=\"color: #000000;\"><strong><em>34 km<\/em><\/strong><\/span><span style=\"color: #000000;\">. (voir blog Patrick) (Sandrine, Patrick, Javier, Gotzon)<br \/>\n<\/span><span style=\"color: #000000;\"><strong><em>Cueva del Gandara<\/em><\/strong><\/span><span style=\"color: #000000;\"> (Soba)<br \/>\nComme  d&rsquo;habitude ce r\u00e9seau a \u00e9t\u00e9 quelque peu d\u00e9laiss\u00e9 durant l&rsquo;\u00e9t\u00e9 au pofit  des autres objectifs. L&rsquo;escalade entreprise dans le secteur de la Neo  Rivi\u00e8re a \u00e9t\u00e9 poursuivie (envir. +75). Les galeries explor\u00e9es dans le  secteur portent le d\u00e9veloppement \u00e0 <\/span><span style=\"color: #000000;\"><strong><em>101473 m<\/em><\/strong><\/span><span style=\"color: #000000;\">. (Sandrine, Patrick, Gotzon, Ludovic)<\/span><\/p>\n<p style=\"text-align: justify;\"><span style=\"color: #000000;\"><br \/>\n<\/span><span style=\"color: #000000;\"><em><strong>Cubiobramante<\/strong><\/em><\/span><span style=\"color: #000000;\"> (Arredondo)<\/span><\/p>\n<p style=\"text-align: center;\"><span style=\"color: #000000;\"><br \/>\n<a href=\"http:\/\/storage.canalblog.com\/61\/91\/82770\/44542390.jpg\" target=\"_blank\"><img decoding=\"async\" loading=\"lazy\" class=\"aligncenter\" src=\"http:\/\/storage.canalblog.com\/61\/91\/82770\/44542390_p.jpg\" border=\"0\" alt=\"P8080194___Copie\" width=\"300\" height=\"225\" \/><\/a><\/span><\/p>\n<p style=\"text-align: justify;\"><span style=\"color: #000000;\">Derri\u00e8re  le siphon 3 le terminus de Yann \u00e9tait marqu\u00e9 par une cascade remontante  estim\u00e9e \u00e0 5m. Le cran vertical fait une dizaine de m\u00e8tres avec surplomb  escalad\u00e9s par Manu qui, cette ann\u00e9e, a accompagn\u00e9 Yann. La galerie  toujours exond\u00e9e est remont\u00e9e jusqu&rsquo;\u00e0 une nouvelle cascade qui n&rsquo;a pu  \u00eatre franchie. Devant la difficult\u00e9 croissante de ces explorations post  siphons il parait d\u00e9sormais bien sage de reprendre le fil du travail \u00e0  partir du collecteur dans la cueva Cayuela (secteur aval Labyrinthe).  (Manu, Yann)<br \/>\n<\/span><span style=\"color: #000000;\"><em><strong>Manantial del Rio Sordo<\/strong><\/em><\/span><span style=\"color: #000000;\"> (Arredondo)<br \/>\nApr\u00e8s le point bas de -52 le siphon a \u00e9t\u00e9 prolong\u00e9 sur environ 150m. Arr\u00eat provisoire \u00e0 -35 (Manu, Yann)<br \/>\n<\/span><span style=\"color: #000000;\"><em><strong>Torca Aitken<\/strong><\/em><\/span><span style=\"color: #000000;\"> (Arredondo)<br \/>\nL&rsquo;exploration  des grandes galeries d\u00e9couvertes au bas des puits (-200) \u00e9tait un des  objectifs prioritaires de l&rsquo; \u00e9t\u00e9. Nous y avons consacr\u00e9 trois sorties.  Vers l&rsquo;ouest les m\u00e9ga galeries ont malheureusement but\u00e9 sur des tr\u00e9mies  apr\u00e8s quelques centaines de m\u00e8tres. Vers l&rsquo;est, par contre, nous avons  pu avancer de 1500 m dans une galerie parcourue par un fort courant  d&rsquo;air aspirant (arr\u00eat \u00e0 <\/span><span style=\"color: #000000;\"><strong><em>-266<\/em><\/strong><\/span><span style=\"color: #000000;\">). Le d\u00e9veloppement topo est <\/span><span style=\"color: #000000;\"><em><strong>3370 m<\/strong><\/em><\/span><span style=\"color: #000000;\"> et nul doute que la torca Aitken deviendra une cavit\u00e9 importante du  massif de Porracolina. (Sandrine, Patrick, Guy, Manu, Etienne, Ludovic)<br \/>\n<\/span><span style=\"color: #000000;\"><em><strong>Sumidero de Orcones<\/strong><\/em><\/span><span style=\"color: #000000;\"> <\/span>(Arredondo)<br \/>\nCette  perte du rio Bustablado, d\u00e9j\u00e0 rep\u00e9r\u00e9e en 1981,\u00a0 a d&rsquo;abord fait l&rsquo;objet  de travaux de d\u00e9sobstruction pr\u00e8s du lit du ruisseau puis, gr\u00e2ce \u00e0 la  perspicacit\u00e9 de Laurent, nous avons pu prendre pied dans la grotte  correspondante en passant directement par une petite cavit\u00e9 qui nous  tendait les bras \u00e0 15 m de l\u00e0 ! Les galeries issues de la perte  aboutissent \u00e0 <span style=\"color: #ffcc99;\"><em><strong>-30 <\/strong><\/em><\/span>sur  un petit tron\u00e7on de grosse galerie limit\u00e9e en amont et en aval par des  siphons (collecteur temporaire ?). Le d\u00e9veloppement total (env. <span style=\"color: #ffcc99;\"><strong><em>300 m<\/em><\/strong><\/span>,  265 m topographi\u00e9s) est certes modeste mais la position de cette cavit\u00e9  est particuli\u00e8rement interessante car elle est un jalon important dans  la connaissance et la compr\u00e9hension du bassin d&rsquo;alimentation de la  Fuente del Molino et par l\u00e0 m\u00eame de toute l&rsquo;alimentation du rio  Bustablado.(Laurent, Guy, Patrick, Ludovic)<\/p>\n<p>Les participants \u00e0 ces explorations<br \/>\nLes Basques : <em>Gotzon Aranzabal, Oscar Etxebarria, Diego Dulante<\/em><br \/>\nLe Cantabre : <em>Javier Lopez Jorde<\/em><br \/>\nLes Savoyards : <em>Etienne Bunoz, Patrick Degouve, Sandrine Degouve, Manu Tessane, Yann Tual<\/em><br \/>\nLes Bourguignons : <em>Laurent Guillon, Ludovic Guillot, Guy Simonnot<\/em><br \/>\n<em>Dominique Langlois, Georges Marbach, Pierre Perreault et Martin Simonnot<\/em> ont particip\u00e9 \u00e0 d&rsquo;autres sorties prospections ou d\u00e9sobstructions.<br \/>\nNous avons \u00e9galement fait une prospection pr\u00e8s de Bustablado en commun avec nos amis Catalans de Mataro, <em>Dany, Jordi<\/em>, <em>Albert<\/em>.<\/p>\n<p>Au cours de l&rsquo;\u00e9t\u00e9 nous avons tout de m\u00eame sacrifi\u00e9 une journ\u00e9e pour faire collectivement une classique, la travers\u00e9<span style=\"color: #000000;\">e <\/span><span style=\"color: #000000;\"><em><strong>Sopladoras-Agua<\/strong><\/em><\/span><span style=\"color: #000000;\"> <\/span>et faire des photos pour le site karstexplo (pour joindre l&rsquo;utile \u00e0  l&rsquo;agr\u00e9able). Pour Patrick et moi la sensation fut curieuse ; nous  n&rsquo;avons que tr\u00e8s peu reconnu la grotte, nous qui \u00e9tions sens\u00e9s \u00eatre les  connaisseurs et guides. A notre d\u00e9charge notre derni\u00e8re visite datait de  &#8230; 1973 soit 36 ans !<\/p>\n<p style=\"text-align: right;\"><em>Guy Simonnot<\/em><\/p>\n","protected":false},"excerpt":{"rendered":"<p>Malgr\u00e9 un nombre de participants toujours assez limit\u00e9, des temps de s\u00e9jour souvent (trop) courts pour certains (hormis quelques privil\u00e9gi\u00e9s), une moyenne d&rsquo;age \u00e9lev\u00e9e (qui ne s&rsquo;arrange pas au fil des ann\u00e9es !), l&rsquo;\u00e9t\u00e9 2009 a apport\u00e9 son lot de d\u00e9couvertes et parfois de surprises. Les r\u00e9sultats Cueva de Sereno (San Roque) Trois ans apr\u00e8s [&hellip;]<\/p>\n","protected":false},"author":1,"featured_media":0,"comment_status":"open","ping_status":"open","sticky":false,"template":"","format":"standard","meta":[],"categories":[4],"tags":[],"_links":{"self":[{"href":"https:\/\/karstexplo.fr\/blog\/index.php?rest_route=\/wp\/v2\/posts\/203"}],"collection":[{"href":"https:\/\/karstexplo.fr\/blog\/index.php?rest_route=\/wp\/v2\/posts"}],"about":[{"href":"https:\/\/karstexplo.fr\/blog\/index.php?rest_route=\/wp\/v2\/types\/post"}],"author":[{"embeddable":true,"href":"https:\/\/karstexplo.fr\/blog\/index.php?rest_route=\/wp\/v2\/users\/1"}],"replies":[{"embeddable":true,"href":"https:\/\/karstexplo.fr\/blog\/index.php?rest_route=%2Fwp%2Fv2%2Fcomments&post=203"}],"version-history":[{"count":4,"href":"https:\/\/karstexplo.fr\/blog\/index.php?rest_route=\/wp\/v2\/posts\/203\/revisions"}],"predecessor-version":[{"id":206,"href":"https:\/\/karstexplo.fr\/blog\/index.php?rest_route=\/wp\/v2\/posts\/203\/revisions\/206"}],"wp:attachment":[{"href":"https:\/\/karstexplo.fr\/blog\/index.php?rest_route=%2Fwp%2Fv2%2Fmedia&parent=203"}],"wp:term":[{"taxonomy":"category","embeddable":true,"href":"https:\/\/karstexplo.fr\/blog\/index.php?rest_route=%2Fwp%2Fv2%2Fcategories&post=203"},{"taxonomy":"post_tag","embeddable":true,"href":"https:\/\/karstexplo.fr\/blog\/index.php?rest_route=%2Fwp%2Fv2%2Ftags&post=203"}],"curies":[{"name":"wp","href":"https:\/\/api.w.org\/{rel}","templated":true}]}}