{"id":344,"date":"2013-04-23T10:49:52","date_gmt":"2013-04-23T08:49:52","guid":{"rendered":"http:\/\/karstexplo.fr\/blog\/?p=344"},"modified":"2013-04-23T10:49:52","modified_gmt":"2013-04-23T08:49:52","slug":"le-retour-des-vieux-croutons-2","status":"publish","type":"post","link":"https:\/\/karstexplo.fr\/blog\/?p=344","title":{"rendered":"Le retour des Vieux Cro\u00fbtons&#8230;."},"content":{"rendered":"<p><strong>Samedi 20 avril 2013<\/strong><\/p>\n<p style=\"text-align: justify;\">Nous voici enfin de retour dans ce gouffre qui attendait notre venue depuis l&rsquo;automne dernier (Gotzon Aranzabal, Sandrine et Patrick Degouve, Guy Simonnot). Pour m\u00e9moire, ce gouffre avait \u00e9t\u00e9 explor\u00e9 pour la premi\u00e8re fois par le SGCAF dans les ann\u00e9es 80. Lors d&rsquo;une nouvelle visite en 2011, nous trouvons la suite apr\u00e8s une courte travers\u00e9e dans le puits d&rsquo;entr\u00e9e. Le courant d&rsquo;air nous guide vers un m\u00e9andre \u00e9troit, entrecoup\u00e9 de petits puits et qu&rsquo;il faudra \u00e9largir \u00e0 5 reprises. C&rsquo;est besogneux, mais il y a des signes qui ne trompent pas. Notre dernier assaut, en novembre 2012, nous am\u00e8ne au bord d&rsquo;un puits plus vaste qui semble marquer la fin de la zone \u00e9troite. Malheureusement ce jour-l\u00e0, nous n&rsquo;avions pas suffisamment de corde.<\/p>\n<div id=\"attachment_346\" style=\"width: 309px\" class=\"wp-caption aligncenter\"><img aria-describedby=\"caption-attachment-346\" decoding=\"async\" loading=\"lazy\" class=\"size-medium wp-image-346\" alt=\"Le terminus de novembre, \u00e9quipement du P.20.\" src=\"https:\/\/karstexplo.fr\/blog\/wp-content\/uploads\/2013\/04\/1685-1-299x400.jpg\" width=\"299\" height=\"400\" srcset=\"https:\/\/karstexplo.fr\/blog\/wp-content\/uploads\/2013\/04\/1685-1-299x400.jpg 299w, https:\/\/karstexplo.fr\/blog\/wp-content\/uploads\/2013\/04\/1685-1-767x1024.jpg 767w, https:\/\/karstexplo.fr\/blog\/wp-content\/uploads\/2013\/04\/1685-1.jpg 800w\" sizes=\"(max-width: 299px) 100vw, 299px\" \/><p id=\"caption-attachment-346\" class=\"wp-caption-text\">Le terminus de novembre, \u00e9quipement du P.20.<\/p><\/div>\n<p style=\"text-align: justify;\">Samedi, le ciel est clair et malgr\u00e9 la fra\u00eecheur matinale, le courant d&rsquo;air est bien pr\u00e9sent. Au terminus, Sandrine commence l&rsquo;\u00e9quipement. Apr\u00e8s quelques m\u00e8tres de m\u00e9andre vertical, le conduit perce la vo\u00fbte d&rsquo;une belle galerie fossile (P.20). Cela ne nous surprend gu\u00e8re car nos amis de Santo\u00f1a \u00e9taient \u00e9galement tomb\u00e9s sur des galeries perch\u00e9es \u00e0 ces altitudes dans le r\u00e9seau de los Primos situ\u00e9 \u00e0 quelques centaines de m\u00e8tres de l\u00e0. Nous commen\u00e7ons par explorer celle-ci, d\u00e9laissant un vaste puits o\u00f9 les pierres d\u00e9gringolent assez loin. Notre progression horizontale est de courte dur\u00e9e car au bout d&rsquo;une quarantaine de m\u00e8tres, la galerie remonte brusquement et il faudrait faire une escalade d&rsquo;une dizaine de m\u00e8tres pour atteindre la suite. Nous verrons \u00e7a plus tard.<\/p>\n<p style=\"text-align: justify;\">\n<div id=\"attachment_349\" style=\"width: 309px\" class=\"wp-caption aligncenter\"><img aria-describedby=\"caption-attachment-349\" decoding=\"async\" loading=\"lazy\" class=\"size-medium wp-image-349\" alt=\"Arriv\u00e9e dans la galerie fossile (-95 m). Le puits suivant s'ouvre \u00e0 gauche.\" src=\"https:\/\/karstexplo.fr\/blog\/wp-content\/uploads\/2013\/04\/1685-4-299x400.jpg\" width=\"299\" height=\"400\" srcset=\"https:\/\/karstexplo.fr\/blog\/wp-content\/uploads\/2013\/04\/1685-4-299x400.jpg 299w, https:\/\/karstexplo.fr\/blog\/wp-content\/uploads\/2013\/04\/1685-4-767x1024.jpg 767w, https:\/\/karstexplo.fr\/blog\/wp-content\/uploads\/2013\/04\/1685-4.jpg 800w\" sizes=\"(max-width: 299px) 100vw, 299px\" \/><p id=\"caption-attachment-349\" class=\"wp-caption-text\">Arriv\u00e9e dans la galerie fossile (-95 m). Le puits suivant s&rsquo;ouvre \u00e0 gauche.<\/p><\/div>\n<p style=\"text-align: justify;\">Au bas de cette remont\u00e9e, un m\u00e9andre a surcreus\u00e9 le plancher et se prolonge par un puits mais nous lui pr\u00e9f\u00e9rons celui vu au bas de la corde, plus gros et plus commode \u00e0 atteindre. Avant nous visitons un petit diverticule avec un puits remontant bien ventil\u00e9 et bouclons la topo.<\/p>\n<div id=\"attachment_350\" style=\"width: 309px\" class=\"wp-caption aligncenter\"><img aria-describedby=\"caption-attachment-350\" decoding=\"async\" loading=\"lazy\" class=\"size-medium wp-image-350\" alt=\"Le puits de 30 m au bas de la galerie fossile.\" src=\"https:\/\/karstexplo.fr\/blog\/wp-content\/uploads\/2013\/04\/1685-5-299x400.jpg\" width=\"299\" height=\"400\" srcset=\"https:\/\/karstexplo.fr\/blog\/wp-content\/uploads\/2013\/04\/1685-5-299x400.jpg 299w, https:\/\/karstexplo.fr\/blog\/wp-content\/uploads\/2013\/04\/1685-5-767x1024.jpg 767w, https:\/\/karstexplo.fr\/blog\/wp-content\/uploads\/2013\/04\/1685-5.jpg 800w\" sizes=\"(max-width: 299px) 100vw, 299px\" \/><p id=\"caption-attachment-350\" class=\"wp-caption-text\">Le puits de 30 m au bas de la galerie fossile.<\/p><\/div>\n<p style=\"text-align: justify;\">L&rsquo;\u00e9quipement du gros puits n\u00e9cessite de se d\u00e9caler un peu pour \u00e9viter les chutes de pierres. Un premier cran de 30 m nous am\u00e8ne \u00e0 l&rsquo;entr\u00e9e d&rsquo;un m\u00e9andre barr\u00e9 par quelques blocs. Apr\u00e8s un ressaut de 3 m nous retrouvons rapidement un autre puits. Cette-fois-ci, les cailloux rebondissent beaucoup plus loin. C&rsquo;est certain, nos 130 m de corde d\u00e9j\u00e0 bien entam\u00e9s n&rsquo;y suffiront pas. Nous descendons un nouveau cran de 20 m et sommes r\u00e9duits \u00e0\u00a0 contempler le n\u0153ud final qui se balance dans le vide. Il y a de l&rsquo;air, de l&rsquo;\u00e9cho mais pas assez de corde&#8230; Nous sommes vers -140 m, et visiblement, les cailloux, eux, d\u00e9gringolent jusqu&rsquo;\u00e0 -200 m.<\/p>\n<p style=\"text-align: justify;\">La journ\u00e9e n&rsquo;est pas termin\u00e9e et nous retournons dans la galerie fossile pour explorer un autre petit puits proche du pr\u00e9c\u00e9dent. Pas grand chose d&rsquo;int\u00e9ressant de ce c\u00f4t\u00e9, aussi, il ne nous reste plus qu&rsquo;\u00e0 remonter en terminant la topo.<\/p>\n<div id=\"attachment_347\" style=\"width: 309px\" class=\"wp-caption aligncenter\"><img aria-describedby=\"caption-attachment-347\" decoding=\"async\" loading=\"lazy\" class=\"size-medium wp-image-347\" alt=\"Vieux cro\u00fbtons, visiblement contents de leur sort...\" src=\"https:\/\/karstexplo.fr\/blog\/wp-content\/uploads\/2013\/04\/1685-2-299x400.jpg\" width=\"299\" height=\"400\" srcset=\"https:\/\/karstexplo.fr\/blog\/wp-content\/uploads\/2013\/04\/1685-2-299x400.jpg 299w, https:\/\/karstexplo.fr\/blog\/wp-content\/uploads\/2013\/04\/1685-2-767x1024.jpg 767w, https:\/\/karstexplo.fr\/blog\/wp-content\/uploads\/2013\/04\/1685-2.jpg 800w\" sizes=\"(max-width: 299px) 100vw, 299px\" \/><p id=\"caption-attachment-347\" class=\"wp-caption-text\">Vieux cro\u00fbtons, visiblement contents de leur sort&#8230;<\/p><\/div>\n<p style=\"text-align: justify;\">Celle-ci report\u00e9e, nous nous apercevons que notre terminus est assez proche du grand puits du Pozo Negro, un gouffre voisin termin\u00e9 \u00e0 -260 m. Mais ce n&rsquo;est pas cette jonction l\u00e0 que nous sommes venus chercher, alors le suspense reste entier.<\/p>\n<div id=\"attachment_351\" style=\"width: 309px\" class=\"wp-caption aligncenter\"><img aria-describedby=\"caption-attachment-351\" decoding=\"async\" loading=\"lazy\" class=\"size-medium wp-image-351\" alt=\"Le P.20, extr\u00e9mit\u00e9 du m\u00e9andre des Vieux Cro\u00fbtons, perce le plafond de la galerie.\" src=\"https:\/\/karstexplo.fr\/blog\/wp-content\/uploads\/2013\/04\/1685-6-299x400.jpg\" width=\"299\" height=\"400\" srcset=\"https:\/\/karstexplo.fr\/blog\/wp-content\/uploads\/2013\/04\/1685-6-299x400.jpg 299w, https:\/\/karstexplo.fr\/blog\/wp-content\/uploads\/2013\/04\/1685-6-767x1024.jpg 767w, https:\/\/karstexplo.fr\/blog\/wp-content\/uploads\/2013\/04\/1685-6.jpg 800w\" sizes=\"(max-width: 299px) 100vw, 299px\" \/><p id=\"caption-attachment-351\" class=\"wp-caption-text\">Le P.20, extr\u00e9mit\u00e9 du m\u00e9andre des Vieux Cro\u00fbtons, perce le plafond de la galerie.<\/p><\/div>\n<p style=\"text-align: right;\"><em>info Patrick Degouve<\/em><\/p>\n","protected":false},"excerpt":{"rendered":"<p>Samedi 20 avril 2013 Nous voici enfin de retour dans ce gouffre qui attendait notre venue depuis l&rsquo;automne dernier (Gotzon Aranzabal, Sandrine et Patrick Degouve, Guy Simonnot). Pour m\u00e9moire, ce gouffre avait \u00e9t\u00e9 explor\u00e9 pour la premi\u00e8re fois par le SGCAF dans les ann\u00e9es 80. Lors d&rsquo;une nouvelle visite en 2011, nous trouvons la suite [&hellip;]<\/p>\n","protected":false},"author":1,"featured_media":0,"comment_status":"open","ping_status":"open","sticky":false,"template":"","format":"standard","meta":[],"categories":[4],"tags":[],"_links":{"self":[{"href":"https:\/\/karstexplo.fr\/blog\/index.php?rest_route=\/wp\/v2\/posts\/344"}],"collection":[{"href":"https:\/\/karstexplo.fr\/blog\/index.php?rest_route=\/wp\/v2\/posts"}],"about":[{"href":"https:\/\/karstexplo.fr\/blog\/index.php?rest_route=\/wp\/v2\/types\/post"}],"author":[{"embeddable":true,"href":"https:\/\/karstexplo.fr\/blog\/index.php?rest_route=\/wp\/v2\/users\/1"}],"replies":[{"embeddable":true,"href":"https:\/\/karstexplo.fr\/blog\/index.php?rest_route=%2Fwp%2Fv2%2Fcomments&post=344"}],"version-history":[{"count":1,"href":"https:\/\/karstexplo.fr\/blog\/index.php?rest_route=\/wp\/v2\/posts\/344\/revisions"}],"predecessor-version":[{"id":352,"href":"https:\/\/karstexplo.fr\/blog\/index.php?rest_route=\/wp\/v2\/posts\/344\/revisions\/352"}],"wp:attachment":[{"href":"https:\/\/karstexplo.fr\/blog\/index.php?rest_route=%2Fwp%2Fv2%2Fmedia&parent=344"}],"wp:term":[{"taxonomy":"category","embeddable":true,"href":"https:\/\/karstexplo.fr\/blog\/index.php?rest_route=%2Fwp%2Fv2%2Fcategories&post=344"},{"taxonomy":"post_tag","embeddable":true,"href":"https:\/\/karstexplo.fr\/blog\/index.php?rest_route=%2Fwp%2Fv2%2Ftags&post=344"}],"curies":[{"name":"wp","href":"https:\/\/api.w.org\/{rel}","templated":true}]}}