{"id":354,"date":"2013-05-13T21:37:42","date_gmt":"2013-05-13T19:37:42","guid":{"rendered":"http:\/\/karstexplo.fr\/blog\/?p=354"},"modified":"2013-05-13T23:11:27","modified_gmt":"2013-05-13T21:11:27","slug":"printemps-maussade-en-cantabria-284-au-1252013","status":"publish","type":"post","link":"https:\/\/karstexplo.fr\/blog\/?p=354","title":{"rendered":"Printemps maussade en Cantabria (28\/4 au 12\/5\/2013)"},"content":{"rendered":"<p style=\"text-align: justify;\"><em>Pour ne pas d\u00e9consid\u00e9rer cette r\u00e9gion qui nous est ch\u00e8re, il faut bien reconna\u00eetre qu&rsquo;avril et mai, cette ann\u00e9e, battent des records de tristesse m\u00e9t\u00e9o dans toute l&rsquo;Europe et donc il ne faudrait pas incriminer trop h\u00e2tivement ce qui pourrait sembler \u00eatre une exclusivit\u00e9 cantabre. Ceci \u00e9tant dit, durant la premi\u00e8re semaine de notre s\u00e9jour, il \u00e9tait bien difficile de sortir sans le parapluie&#8230;<\/em><\/p>\n<h3>Du c\u00f4t\u00e9 de la Lunada&#8230;<\/h3>\n<p style=\"text-align: justify;\">Un de nos principaux objectifs pour ce s\u00e9jour \u00e9tait la poursuite de l&rsquo;exploration d&rsquo;une perte sur le versant sud-ouest du massif, en amont du r\u00e9seau de la Gandara. Samedi soir\u00a0 Dom, Christophe et Albin arrivent, gonfl\u00e9s \u00e0 bloc. Mais voil\u00e0, la neige est descendue \u00e0 pr\u00e8s de 500 m d&rsquo;altitude. L&rsquo;acc\u00e8s \u00e0 la Lunada est compromis. Les jours suivants, la pluie prend le relai et si elle fait rapidement dispara\u00eetre le manteau neigeux, elle provoque aussi une belle crue qui compromet l&rsquo;acc\u00e8s aux r\u00e9seaux expos\u00e9s.<\/p>\n<div id=\"attachment_355\" style=\"width: 410px\" class=\"wp-caption aligncenter\"><a href=\"https:\/\/karstexplo.fr\/blog\/wp-content\/uploads\/2013\/05\/1828-1.jpg\"><img aria-describedby=\"caption-attachment-355\" decoding=\"async\" loading=\"lazy\" class=\"size-medium wp-image-355\" alt=\"Etienne dans le puits d'entr\u00e9e de la torca CA 75.\" src=\"https:\/\/karstexplo.fr\/blog\/wp-content\/uploads\/2013\/05\/1828-1-400x300.jpg\" width=\"400\" height=\"300\" srcset=\"https:\/\/karstexplo.fr\/blog\/wp-content\/uploads\/2013\/05\/1828-1-400x300.jpg 400w, https:\/\/karstexplo.fr\/blog\/wp-content\/uploads\/2013\/05\/1828-1.jpg 800w\" sizes=\"(max-width: 400px) 100vw, 400px\" \/><\/a><p id=\"caption-attachment-355\" class=\"wp-caption-text\">\u00c9tienne dans le puits d&rsquo;entr\u00e9e de la torca CA 75.<\/p><\/div>\n<p style=\"text-align: justify;\">Mercredi, enfin une fen\u00eatre m\u00e9t\u00e9o. La neige a bien fondu et est remont\u00e9e vers 1300 m. L&rsquo;entr\u00e9e de la perte est\u00a0 encore entour\u00e9e de neige, mais la fra\u00eecheur matinale l&#8217;emp\u00eache de fondre et le d\u00e9bit du ruisseau reste modeste. Nous commen\u00e7ons par s\u00e9rieusement nettoyer les abords de l&rsquo;\u00e9troiture terminale (-30 m) et consolidons la tr\u00e9mie qui la pr\u00e9c\u00e8de. Celle-ci ne r\u00e9siste pas longtemps \u00e0 une double paille qui rend d\u00e9sormais le passage tr\u00e8s praticable. Derri\u00e8re, une diaclase aux parois d\u00e9chiquet\u00e9es nous am\u00e8ne au milieu d&rsquo;un vaste puits de 18 m de profondeur. Au bas, le conduit recoupe un niveau de gr\u00e8s \u00e0 l&rsquo;origine du palier sur lequel nous prenons pieds. La suite est un puits de 11 m pr\u00e9c\u00e9dant un nouvel \u00e0-pic plus important. L\u00e0 aussi, c&rsquo;est un niveau gr\u00e9seux qui provoque ce nouveau palier. Le puits suivant est beaucoup plus profond ; beaucoup trop pour les quelques 40 m de corde qui nous restent. Nous remontons en faisant la topo, mais dans le puits d&rsquo;entr\u00e9e, la cascatelle a doubl\u00e9 de volume et le passage \u00e9troit en sommet de puits est l&rsquo;occasion d&rsquo;une bonne douche. Dehors, la temp\u00e9rature s&rsquo;est radoucie, la pluie s&rsquo;est remise de la partie, le cocktail id\u00e9al pour relancer la crue.<\/p>\n<p style=\"text-align: justify;\">Le lendemain, il pleut toute la journ\u00e9e. Nous en profitons pour aller d\u00e9s\u00e9quiper un autre gouffre du cot\u00e9 de Valdicio.<\/p>\n<div id=\"attachment_357\" style=\"width: 410px\" class=\"wp-caption aligncenter\"><a href=\"https:\/\/karstexplo.fr\/blog\/wp-content\/uploads\/2013\/05\/1804-0027.jpg\"><img aria-describedby=\"caption-attachment-357\" decoding=\"async\" loading=\"lazy\" class=\"size-medium wp-image-357\" alt=\"Dans la cueva 1804\" src=\"https:\/\/karstexplo.fr\/blog\/wp-content\/uploads\/2013\/05\/1804-0027-400x300.jpg\" width=\"400\" height=\"300\" srcset=\"https:\/\/karstexplo.fr\/blog\/wp-content\/uploads\/2013\/05\/1804-0027-400x300.jpg 400w, https:\/\/karstexplo.fr\/blog\/wp-content\/uploads\/2013\/05\/1804-0027.jpg 800w\" sizes=\"(max-width: 400px) 100vw, 400px\" \/><\/a><p id=\"caption-attachment-357\" class=\"wp-caption-text\">Dans la cueva 1804<\/p><\/div>\n<p style=\"text-align: justify;\">Vendredi, il ne pleut pas, mais les averses des jours pr\u00e9c\u00e9dents ont intensifi\u00e9 la fonte nival. Les ruisseaux sont en crue, mais c&rsquo;est le dernier jours pour aller \u00e0 la perte de la Lunada. Nous profitons de la relative fra\u00eecheur matinale pour entrer dans le trou qui ne coule pas encore trop. Cette-fois-ci, nous avons 100 m de corde et cela devrait suffire pour atteindre le niveau de gr\u00e8s o\u00f9 se d\u00e9veloppent en principe les galeries. Le puits est superbe de r\u00e9gularit\u00e9 et doit mesurer pr\u00e8s de 70 m. Au bas, un banc de gr\u00e8s draine les eaux vers un dernier cran verticale bien arros\u00e9 de 8 m. La douche est \u00e9vit\u00e9e en se d\u00e9calant un peu. Visiblement, c&rsquo;est la fin des verticales et le ruisseau s&rsquo;enfile sous un \u00e9boulis qui nous am\u00e8ne au d\u00e9part d&rsquo;un grand m\u00e9andre trop rapidement barr\u00e9 par une \u00e9norme tr\u00e9mie de gr\u00e8s. Nous fouillons en d\u00e9tail les passages, mais il n&rsquo;y a pas d&rsquo;air. Nous remontons d&rsquo;un cran, au bas du P.70 ou un autre conduit s&rsquo;ouvre \u00e0 l&rsquo;oppos\u00e9 du pr\u00e9c\u00e9dent. Celui-ci est fossile mais bien glaiseux. Nous \u00e9quipons un autre puits de 8 m qui se prolonge par une galerie basse ponctu\u00e9e de chemin\u00e9es d&rsquo;o\u00f9 tombent de petites cascades. Apr\u00e8s la seconde, la galerie recoupe un laminoir gr\u00e9seux o\u00f9 s&rsquo;\u00e9coule un ruisseau. Dom et Christophe s&rsquo;enfilent dans l&rsquo;aval et parcourent une vingtaine de m\u00e8tres dans ce qu&rsquo;ils qualifient de pi\u00e8ge \u00e0 rats. Il n&rsquo;y a pas d&rsquo;air et plus loin il faudra une n\u00e9opr\u00e8ne. Nous fouillons d&rsquo;autres diverticules, mais sans grand r\u00e9sultat. Il faudra attendre une m\u00e9t\u00e9o plus favorable pour traquer les courant d&rsquo;air qui se perdent probablement en haut du P.70. Nous sommes bien tremp\u00e9s et la cascade du premier puits en rajoute une couche, mais heureusement, dehors il fait relativement beau.<\/p>\n<div id=\"attachment_356\" style=\"width: 309px\" class=\"wp-caption aligncenter\"><a href=\"https:\/\/karstexplo.fr\/blog\/wp-content\/uploads\/2013\/05\/1804-0012.jpg\"><img aria-describedby=\"caption-attachment-356\" decoding=\"async\" loading=\"lazy\" class=\"size-medium wp-image-356\" alt=\"Gour dans la cueva 1804\" src=\"https:\/\/karstexplo.fr\/blog\/wp-content\/uploads\/2013\/05\/1804-0012-299x400.jpg\" width=\"299\" height=\"400\" srcset=\"https:\/\/karstexplo.fr\/blog\/wp-content\/uploads\/2013\/05\/1804-0012-299x400.jpg 299w, https:\/\/karstexplo.fr\/blog\/wp-content\/uploads\/2013\/05\/1804-0012-767x1024.jpg 767w, https:\/\/karstexplo.fr\/blog\/wp-content\/uploads\/2013\/05\/1804-0012.jpg 800w\" sizes=\"(max-width: 299px) 100vw, 299px\" \/><\/a><p id=\"caption-attachment-356\" class=\"wp-caption-text\">Gour dans la cueva 1804<\/p><\/div>\n<h3 style=\"text-align: justify;\">Au sec dans les Vieux Cro\u00fbtons<\/h3>\n<p style=\"text-align: justify;\">La premi\u00e8re partie du gouffre \u00e9tant relativement s\u00e8che, le gouffre des Vieux Cro\u00fbtons sera un abri appr\u00e9ci\u00e9 lors de la journ\u00e9e la plus arros\u00e9e de la semaine. Le matin, il faudra quand m\u00eame se botter les fesses pour affronter les intemp\u00e9ries. Pas question de se jeter dans les puits du fond, trop arros\u00e9s. . Nous en profitons pour r\u00e9\u00e9quiper certains passages puis filons vers l&rsquo;amont de la galerie fossile de -80 m. L&rsquo;escalade est vide n\u00e9goci\u00e9e. Au sommet, nous recoupons un puits bien arros\u00e9 o\u00f9 s&rsquo;engouffre une bonne partie du courant d&rsquo;air. Il s&rsquo;av\u00e8re que ce puits rejoint une galerie lat\u00e9rale vue lors de notre pr\u00e9c\u00e9dente venue. Mais o\u00f9 part le courant d&rsquo;air ? Il faudra attendre de meilleures conditions pour visiter ce puits et atteindre d&rsquo;\u00e9ventuelles lucarnes. Dans le m\u00eame secteur, Dom d\u00e9couvre un passage bas o\u00f9 file un peu de courant d&rsquo;air. Cela semble plus grand derri\u00e8re et la d\u00e9sobstruction est facile. Au bout d&rsquo;une heure, nous parvenons \u00e0 franchir l&rsquo;obstacle et nous nous retrouvons dans une petite salle au plafond de laquelle arrive un m\u00e9andre imp\u00e9n\u00e9trable. Visiblement c&rsquo;est par l\u00e0 que dispara\u00eet le courant d&rsquo;air. En bas de la salle, Albin, Dom et Christophe d\u00e9sobstruent un \u00e9troit passage donnant sur un puits en diaclase \u00e9troit et argileux. Pendant ce temps, les autres partent explorer une s\u00e9rie de puits au bas de l&rsquo;escalade. Deux petits puits totalisant une trentaine de m\u00e8tres permettent de rejoindre une salle \u00e9bouleuse sans suite \u00e9vidente. Du c\u00f4t\u00e9 de la d\u00e9sobstruction, Dom parvient \u00e0 descendre d&rsquo;une petite dizaine de m\u00e8tres jusqu&rsquo;au bord d&rsquo;un puits un peu plus vaste, profond de 10 \u00e0 15 m, mais sans vraiment d&rsquo;air. Nous bouclons la topo et lorsque nous ressortons, il fait enfin beau.<\/p>\n<div id=\"attachment_358\" style=\"width: 309px\" class=\"wp-caption aligncenter\"><a href=\"https:\/\/karstexplo.fr\/blog\/wp-content\/uploads\/2013\/05\/1804-0041.jpg\"><img aria-describedby=\"caption-attachment-358\" decoding=\"async\" loading=\"lazy\" class=\"size-medium wp-image-358\" alt=\"La cueva 1804 rec\u00e8le quelques beaux passages concr\u00e9tionn\u00e9s, bien pr\u00e9serv\u00e9s.\" src=\"https:\/\/karstexplo.fr\/blog\/wp-content\/uploads\/2013\/05\/1804-0041-299x400.jpg\" width=\"299\" height=\"400\" srcset=\"https:\/\/karstexplo.fr\/blog\/wp-content\/uploads\/2013\/05\/1804-0041-299x400.jpg 299w, https:\/\/karstexplo.fr\/blog\/wp-content\/uploads\/2013\/05\/1804-0041-767x1024.jpg 767w, https:\/\/karstexplo.fr\/blog\/wp-content\/uploads\/2013\/05\/1804-0041.jpg 800w\" sizes=\"(max-width: 299px) 100vw, 299px\" \/><\/a><p id=\"caption-attachment-358\" class=\"wp-caption-text\">La cueva 1804 rec\u00e8le quelques beaux passages concr\u00e9tionn\u00e9s, bien pr\u00e9serv\u00e9s.<\/p><\/div>\n<h3 style=\"text-align: justify;\">Prospection, d\u00e9sob et re-topo&#8230;<\/h3>\n<p style=\"text-align: justify;\">Le reste du temps, il a fallu composer avec les caprices de la m\u00e9t\u00e9o et des pr\u00e9visions parfois fantaisistes. Nous parviendrons quand m\u00eame \u00e0 assurer une sortie tous les jours. Parmi elles, plusieurs seront consacr\u00e9es \u00e0 des prospections, au-dessus de la Canuela et de la Canal. Pas de grande d\u00e9couverte au compteur, mais l&rsquo;inventaire progresse peu \u00e0 peu et nous avons pu topographier et revoir quelques belles cavit\u00e9s comme la cueva 1804 retrouv\u00e9e en mars, ou le CA 75. Du c\u00f4t\u00e9 de la Canal, la d\u00e9sobstruction du \u00ab\u00a0Van der Strappen\u00a0\u00bb s&rsquo;est av\u00e9r\u00e9e bien d\u00e9cevante&#8230;<\/p>\n<div id=\"attachment_359\" style=\"width: 410px\" class=\"wp-caption aligncenter\"><a href=\"https:\/\/karstexplo.fr\/blog\/wp-content\/uploads\/2013\/05\/PanoBuzulucueva04.jpg\"><img aria-describedby=\"caption-attachment-359\" decoding=\"async\" loading=\"lazy\" class=\"size-medium wp-image-359\" alt=\"Le lapiaz de Buzulucueva. Au premier plan, la doline du CA 75.\" src=\"https:\/\/karstexplo.fr\/blog\/wp-content\/uploads\/2013\/05\/PanoBuzulucueva04-400x146.jpg\" width=\"400\" height=\"146\" srcset=\"https:\/\/karstexplo.fr\/blog\/wp-content\/uploads\/2013\/05\/PanoBuzulucueva04-400x146.jpg 400w, https:\/\/karstexplo.fr\/blog\/wp-content\/uploads\/2013\/05\/PanoBuzulucueva04.jpg 800w\" sizes=\"(max-width: 400px) 100vw, 400px\" \/><\/a><p id=\"caption-attachment-359\" class=\"wp-caption-text\">Le lapiaz de Buzulucueva. Au premier plan, la doline du CA 75.<\/p><\/div>\n<p style=\"text-align: justify;\">La suite au mois de juin, ou juillet, Tonio nous a assur\u00e9 qu&rsquo;en \u00e9t\u00e9, il y aurait tr\u00e8s certainement du soleil. Super !!!!!!<\/p>\n<p style=\"text-align: justify;\"><em>Participants : D. Boibessot, E. Bunoz, P. et S. Degouve, A. et Ch. Philippe, G. Simonnot<\/em><\/p>\n<p style=\"text-align: right;\"><em>Info Patrick Degouve<\/em><\/p>\n","protected":false},"excerpt":{"rendered":"<p>Pour ne pas d\u00e9consid\u00e9rer cette r\u00e9gion qui nous est ch\u00e8re, il faut bien reconna\u00eetre qu&rsquo;avril et mai, cette ann\u00e9e, battent des records de tristesse m\u00e9t\u00e9o dans toute l&rsquo;Europe et donc il ne faudrait pas incriminer trop h\u00e2tivement ce qui pourrait sembler \u00eatre une exclusivit\u00e9 cantabre. Ceci \u00e9tant dit, durant la premi\u00e8re semaine de notre s\u00e9jour, [&hellip;]<\/p>\n","protected":false},"author":1,"featured_media":0,"comment_status":"open","ping_status":"open","sticky":false,"template":"","format":"standard","meta":[],"categories":[4],"tags":[],"_links":{"self":[{"href":"https:\/\/karstexplo.fr\/blog\/index.php?rest_route=\/wp\/v2\/posts\/354"}],"collection":[{"href":"https:\/\/karstexplo.fr\/blog\/index.php?rest_route=\/wp\/v2\/posts"}],"about":[{"href":"https:\/\/karstexplo.fr\/blog\/index.php?rest_route=\/wp\/v2\/types\/post"}],"author":[{"embeddable":true,"href":"https:\/\/karstexplo.fr\/blog\/index.php?rest_route=\/wp\/v2\/users\/1"}],"replies":[{"embeddable":true,"href":"https:\/\/karstexplo.fr\/blog\/index.php?rest_route=%2Fwp%2Fv2%2Fcomments&post=354"}],"version-history":[{"count":7,"href":"https:\/\/karstexplo.fr\/blog\/index.php?rest_route=\/wp\/v2\/posts\/354\/revisions"}],"predecessor-version":[{"id":361,"href":"https:\/\/karstexplo.fr\/blog\/index.php?rest_route=\/wp\/v2\/posts\/354\/revisions\/361"}],"wp:attachment":[{"href":"https:\/\/karstexplo.fr\/blog\/index.php?rest_route=%2Fwp%2Fv2%2Fmedia&parent=354"}],"wp:term":[{"taxonomy":"category","embeddable":true,"href":"https:\/\/karstexplo.fr\/blog\/index.php?rest_route=%2Fwp%2Fv2%2Fcategories&post=354"},{"taxonomy":"post_tag","embeddable":true,"href":"https:\/\/karstexplo.fr\/blog\/index.php?rest_route=%2Fwp%2Fv2%2Ftags&post=354"}],"curies":[{"name":"wp","href":"https:\/\/api.w.org\/{rel}","templated":true}]}}