{"id":368,"date":"2013-07-02T22:13:54","date_gmt":"2013-07-02T20:13:54","guid":{"rendered":"http:\/\/karstexplo.fr\/blog\/?p=368"},"modified":"2013-07-02T22:14:26","modified_gmt":"2013-07-02T20:14:26","slug":"avant-lete","status":"publish","type":"post","link":"https:\/\/karstexplo.fr\/blog\/?p=368","title":{"rendered":"Avant l&rsquo;\u00e9t\u00e9&#8230;"},"content":{"rendered":"<p style=\"text-align: justify;\"><strong>Du 4 au 8 juin et du 27 juin au 1\u00b0 juillet 2013 :<\/strong><\/p>\n<p style=\"text-align: justify;\">Avant les explorations estivales dans des cavit\u00e9s plus importantes, quelques petits s\u00e9jours en ce d\u00e9but d&rsquo;\u00e9t\u00e9 ont surtout permis d&rsquo;avancer l&rsquo;inventaire des cavit\u00e9s du massif et de poursuivre les prospections. Du c\u00f4t\u00e9 de la Gandara, nous avons surtout recherch\u00e9 d&rsquo;anciennes cavit\u00e9s, vers la Lunada et sur la Brena. Il faut dire que pour certaines, plus de vingt cinq ann\u00e9es se sont \u00e9coul\u00e9es depuis leur exploration. Les revoir n&rsquo;est donc pas superflu. Au bilan, pas de d\u00e9couverte majeur de ce c\u00f4t\u00e9.<\/p>\n<p style=\"text-align: justify;\"><a href=\"https:\/\/karstexplo.fr\/blog\/wp-content\/uploads\/2013\/07\/IMG_6984.jpg\"><img decoding=\"async\" loading=\"lazy\" class=\"aligncenter size-medium wp-image-376\" alt=\"IMG_6984\" src=\"https:\/\/karstexplo.fr\/blog\/wp-content\/uploads\/2013\/07\/IMG_6984-400x300.jpg\" width=\"400\" height=\"300\" srcset=\"https:\/\/karstexplo.fr\/blog\/wp-content\/uploads\/2013\/07\/IMG_6984-400x300.jpg 400w, https:\/\/karstexplo.fr\/blog\/wp-content\/uploads\/2013\/07\/IMG_6984-1024x768.jpg 1024w, https:\/\/karstexplo.fr\/blog\/wp-content\/uploads\/2013\/07\/IMG_6984.jpg 1200w\" sizes=\"(max-width: 400px) 100vw, 400px\" \/><\/a><\/p>\n<p style=\"text-align: center;\"><span style=\"color: #993300;\"><em>L&rsquo;entr\u00e9e de la torca del Mostajo, \u00e9vidente, mais un peu oubli\u00e9e&#8230;<\/em><\/span><\/p>\n<p style=\"text-align: justify;\"><a href=\"https:\/\/karstexplo.fr\/blog\/wp-content\/uploads\/2013\/07\/234-1.jpg\"><img decoding=\"async\" loading=\"lazy\" class=\"aligncenter size-medium wp-image-372\" alt=\"234-1\" src=\"https:\/\/karstexplo.fr\/blog\/wp-content\/uploads\/2013\/07\/234-1-300x400.jpg\" width=\"300\" height=\"400\" srcset=\"https:\/\/karstexplo.fr\/blog\/wp-content\/uploads\/2013\/07\/234-1-300x400.jpg 300w, https:\/\/karstexplo.fr\/blog\/wp-content\/uploads\/2013\/07\/234-1-768x1024.jpg 768w, https:\/\/karstexplo.fr\/blog\/wp-content\/uploads\/2013\/07\/234-1.jpg 1200w\" sizes=\"(max-width: 300px) 100vw, 300px\" \/><\/a><\/p>\n<p style=\"text-align: center;\"><em><span style=\"color: #993300;\">Au bas du P.40 d&rsquo;entr\u00e9e, une petite lucarne m\u00e8ne \u00e0 un ressaut de 4 suivi de petits puits jusqu&rsquo;\u00e0 -80 m.<\/span><\/em><\/p>\n<p style=\"text-align: justify;\">Plus au nord, sur le versant de la vall\u00e9e de Bustablado, nos recherches nous ont r\u00e9serv\u00e9 quelques surprises \u00e0 d\u00e9faut de grandes d\u00e9couvertes. Ainsi, dans la torca del Mostajo (n\u00b0234) situ\u00e9e au-dessus de la Sima Grande et explor\u00e9e en 1977 \u00e9tait donn\u00e9e pour -40 m. Une nouvelle visite r\u00e9v\u00e9lera un gouffre plus important profond de pr\u00e8s de 80 m.<\/p>\n<p style=\"text-align: center;\"><a href=\"https:\/\/karstexplo.fr\/blog\/wp-content\/uploads\/2013\/07\/234.jpg\"><img decoding=\"async\" loading=\"lazy\" class=\"aligncenter size-medium wp-image-373\" alt=\"234\" src=\"https:\/\/karstexplo.fr\/blog\/wp-content\/uploads\/2013\/07\/234-300x400.jpg\" width=\"300\" height=\"400\" srcset=\"https:\/\/karstexplo.fr\/blog\/wp-content\/uploads\/2013\/07\/234-300x400.jpg 300w, https:\/\/karstexplo.fr\/blog\/wp-content\/uploads\/2013\/07\/234-768x1024.jpg 768w, https:\/\/karstexplo.fr\/blog\/wp-content\/uploads\/2013\/07\/234.jpg 1200w\" sizes=\"(max-width: 300px) 100vw, 300px\" \/><\/a><\/p>\n<p style=\"text-align: center;\"><em><span style=\"color: #993300;\">Torca del Mostajo, le fond \u00e0 -80 m bouch\u00e9 par le concr\u00e9tionnement.<\/span><\/em><\/p>\n<p style=\"text-align: justify;\">Plus \u00e0 l&rsquo;ouest, sur les pentes de l&rsquo;alto de Pepiones, un \u0153il neuf dans la cueva 326 nous permettra de d\u00e9couvrir quelques prolongements int\u00e9ressants. Juste en-dessous, dans la torca 1692, nous nous sommes arr\u00eat\u00e9s sur un m\u00e9andre ventil\u00e9 \u00e0 agrandir (-35 m). Derri\u00e8re un resserrement ponctuel, cela semble plus grand et les cailloux chutent d&rsquo;une quinzaine de m\u00e8tres.<\/p>\n<p style=\"text-align: justify;\"><a href=\"https:\/\/karstexplo.fr\/blog\/wp-content\/uploads\/2013\/07\/326-1.jpg\"><img decoding=\"async\" loading=\"lazy\" class=\"aligncenter size-medium wp-image-374\" alt=\"326-1\" src=\"https:\/\/karstexplo.fr\/blog\/wp-content\/uploads\/2013\/07\/326-1-300x400.jpg\" width=\"300\" height=\"400\" srcset=\"https:\/\/karstexplo.fr\/blog\/wp-content\/uploads\/2013\/07\/326-1-300x400.jpg 300w, https:\/\/karstexplo.fr\/blog\/wp-content\/uploads\/2013\/07\/326-1-768x1024.jpg 768w, https:\/\/karstexplo.fr\/blog\/wp-content\/uploads\/2013\/07\/326-1.jpg 1200w\" sizes=\"(max-width: 300px) 100vw, 300px\" \/><\/a><\/p>\n<p style=\"text-align: center;\"><em><span style=\"color: #993300;\">La cueva 326 sur l&rsquo;alto de P\u00e9piones.<\/span><\/em><\/p>\n<p style=\"text-align: justify;\">Bien d&rsquo;autres cavit\u00e9s ont \u00e9t\u00e9 vues et inventori\u00e9es. Tr\u00e8s souvent, il s&rsquo;agit de ph\u00e9nom\u00e8nes mineurs et visiblement sans suite mais qui se doivent de figurer dans un inventaire digne de ce nom. A ce jour, le notre compte d\u00e9j\u00e0 1848 r\u00e9f\u00e9rences dont 400 d&rsquo;entre elles sont d\u00e9sormais accessibles sur le site Karstexplo (lien : <a href=\"http:\/\/karstexplo.fr\/CuevasAson\/InventaireCavites.htm\" target=\"_blank\">inventaire des cavit\u00e9<\/a>s).<\/p>\n<p style=\"text-align: justify;\"><a href=\"https:\/\/karstexplo.fr\/blog\/wp-content\/uploads\/2013\/07\/IMG_1535.jpg\"><img decoding=\"async\" loading=\"lazy\" class=\"aligncenter size-medium wp-image-375\" alt=\"IMG_1535\" src=\"https:\/\/karstexplo.fr\/blog\/wp-content\/uploads\/2013\/07\/IMG_1535-279x400.jpg\" width=\"279\" height=\"400\" srcset=\"https:\/\/karstexplo.fr\/blog\/wp-content\/uploads\/2013\/07\/IMG_1535-279x400.jpg 279w, https:\/\/karstexplo.fr\/blog\/wp-content\/uploads\/2013\/07\/IMG_1535-716x1024.jpg 716w, https:\/\/karstexplo.fr\/blog\/wp-content\/uploads\/2013\/07\/IMG_1535.jpg 1200w\" sizes=\"(max-width: 279px) 100vw, 279px\" \/><\/a><\/p>\n<p style=\"text-align: center;\"><em><span style=\"color: #993300;\">Diego sortant de la torca 1844, une nouvelle r\u00e9f\u00e9rence pour l&rsquo;inventaire&#8230;<\/span><\/em><\/p>\n<p><em>(Participants : G. Aranzabal, D. Dulanto, P. et S. Degouve)<\/em><\/p>\n<p style=\"text-align: right;\"><em>Info. Patrick Degouve<\/em><\/p>\n<p>&nbsp;<\/p>\n","protected":false},"excerpt":{"rendered":"<p>Du 4 au 8 juin et du 27 juin au 1\u00b0 juillet 2013 : Avant les explorations estivales dans des cavit\u00e9s plus importantes, quelques petits s\u00e9jours en ce d\u00e9but d&rsquo;\u00e9t\u00e9 ont surtout permis d&rsquo;avancer l&rsquo;inventaire des cavit\u00e9s du massif et de poursuivre les prospections. Du c\u00f4t\u00e9 de la Gandara, nous avons surtout recherch\u00e9 d&rsquo;anciennes cavit\u00e9s, [&hellip;]<\/p>\n","protected":false},"author":1,"featured_media":0,"comment_status":"open","ping_status":"open","sticky":false,"template":"","format":"standard","meta":[],"categories":[1,4],"tags":[],"_links":{"self":[{"href":"https:\/\/karstexplo.fr\/blog\/index.php?rest_route=\/wp\/v2\/posts\/368"}],"collection":[{"href":"https:\/\/karstexplo.fr\/blog\/index.php?rest_route=\/wp\/v2\/posts"}],"about":[{"href":"https:\/\/karstexplo.fr\/blog\/index.php?rest_route=\/wp\/v2\/types\/post"}],"author":[{"embeddable":true,"href":"https:\/\/karstexplo.fr\/blog\/index.php?rest_route=\/wp\/v2\/users\/1"}],"replies":[{"embeddable":true,"href":"https:\/\/karstexplo.fr\/blog\/index.php?rest_route=%2Fwp%2Fv2%2Fcomments&post=368"}],"version-history":[{"count":6,"href":"https:\/\/karstexplo.fr\/blog\/index.php?rest_route=\/wp\/v2\/posts\/368\/revisions"}],"predecessor-version":[{"id":380,"href":"https:\/\/karstexplo.fr\/blog\/index.php?rest_route=\/wp\/v2\/posts\/368\/revisions\/380"}],"wp:attachment":[{"href":"https:\/\/karstexplo.fr\/blog\/index.php?rest_route=%2Fwp%2Fv2%2Fmedia&parent=368"}],"wp:term":[{"taxonomy":"category","embeddable":true,"href":"https:\/\/karstexplo.fr\/blog\/index.php?rest_route=%2Fwp%2Fv2%2Fcategories&post=368"},{"taxonomy":"post_tag","embeddable":true,"href":"https:\/\/karstexplo.fr\/blog\/index.php?rest_route=%2Fwp%2Fv2%2Ftags&post=368"}],"curies":[{"name":"wp","href":"https:\/\/api.w.org\/{rel}","templated":true}]}}