{"id":423,"date":"2014-01-21T15:37:26","date_gmt":"2014-01-21T14:37:26","guid":{"rendered":"http:\/\/karstexplo.fr\/blog\/?p=423"},"modified":"2014-03-07T14:43:12","modified_gmt":"2014-03-07T13:43:12","slug":"pour-combler-le-retard","status":"publish","type":"post","link":"https:\/\/karstexplo.fr\/blog\/?p=423","title":{"rendered":"Pour combler le retard&#8230;."},"content":{"rendered":"<p><em>L&rsquo;absence de message sur le blog depuis novembre dernier commen\u00e7ait \u00e0 inqui\u00e9ter certains de nos lecteurs. Qu&rsquo;ils soient ici rassur\u00e9s\u00a0 nous n&rsquo;avons pas mis la clef sous le paillasson et d&rsquo;ailleurs durant ces 3 mois nous n&rsquo;avons pas ch\u00f4m\u00e9.\u00a0 D&rsquo;ailleurs, globalement, l&rsquo;ann\u00e9e 2013 nous aura offert quelques belles d\u00e9couvertes avec un cumul total de 8860 m de premi\u00e8res. <\/em><\/p>\n<p><em>Voici donc un petit tour d&rsquo;horizon de nos explorations du dernier trimestre de l&rsquo;ann\u00e9e 2013.<\/em><\/p>\n<h2>Avant la neige&#8230;<\/h2>\n<p style=\"text-align: justify;\">Durant les cong\u00e9s de la Toussaint une premi\u00e8re \u00e9quipe du GSHP de Tarbes est venue nous pr\u00eater main forte, suivie, la seconde semaine, d&rsquo;une autre venue de l&rsquo;est de la France.<\/p>\n<ul>\n<li>\n<h3>Du c\u00f4t\u00e9 de la Gandara<\/h3>\n<\/li>\n<\/ul>\n<p style=\"text-align: justify;\">Avant que la neige recouvre le col de la Lunada, nous avons pu poursuivre nos recherches sur les landes qui bordent le flanc sud-ouest de la pe\u00f1a Lusa. Quelques nouvelles cavit\u00e9s ont \u00e9t\u00e9 d\u00e9couvertes, d&rsquo;autres ont fait l&rsquo;objet de d\u00e9sobstructions rendues difficiles en raison de la pr\u00e9sence de niveaux gr\u00e9seux.\u00a0 Nul doute qu&rsquo;il s&rsquo;agit l\u00e0 de chantiers de longue haleine, mais pas d\u00e9sesp\u00e9r\u00e9s&#8230;<\/p>\n<ul>\n<li>\n<h3 style=\"text-align: justify;\">Retour \u00e0 Buzulucueva<\/h3>\n<\/li>\n<\/ul>\n<p style=\"text-align: justify;\">Apr\u00e8s l&rsquo;exploration des Vieux Cro\u00fbtons, nous nous sommes int\u00e9ress\u00e9s \u00e0 une zone situ\u00e9e plus au nord et d\u00e9j\u00e0 bien \u00e9tudi\u00e9e dans les ann\u00e9es 86 par le SGCAF (Grenoble). Aid\u00e9s par les fermiers du coin qui ont compris l&rsquo;importance des courants d&rsquo;air \u00e0 l&rsquo;entr\u00e9e des trous, nous avons ainsi pu d\u00e9couvrir plusieurs nouveaux gouffres dont certains sont en cours de d\u00e9sobstruction.\u00a0 Une nouvelle visite des cavit\u00e9s connues a \u00e9galement permis de compl\u00e9ter l&rsquo;inventaire en y ajoutant les topographies manquantes.<\/p>\n<div id=\"attachment_424\" style=\"width: 410px\" class=\"wp-caption aligncenter\"><a href=\"https:\/\/karstexplo.fr\/blog\/wp-content\/uploads\/2014\/01\/Perte.jpg\"><img aria-describedby=\"caption-attachment-424\" decoding=\"async\" loading=\"lazy\" class=\"size-medium wp-image-424\" alt=\"Tailleur de pierre...\" src=\"https:\/\/karstexplo.fr\/blog\/wp-content\/uploads\/2014\/01\/Perte-400x300.jpg\" width=\"400\" height=\"300\" srcset=\"https:\/\/karstexplo.fr\/blog\/wp-content\/uploads\/2014\/01\/Perte-400x300.jpg 400w, https:\/\/karstexplo.fr\/blog\/wp-content\/uploads\/2014\/01\/Perte-1024x768.jpg 1024w, https:\/\/karstexplo.fr\/blog\/wp-content\/uploads\/2014\/01\/Perte.jpg 1200w\" sizes=\"(max-width: 400px) 100vw, 400px\" \/><\/a><p id=\"caption-attachment-424\" class=\"wp-caption-text\">Tailleur de pierre&#8230;<\/p><\/div>\n<ul>\n<li>\n<h3 style=\"text-align: justify;\">Autour d &lsquo;Aitken<\/h3>\n<\/li>\n<\/ul>\n<p style=\"text-align: justify;\">Malgr\u00e9 la proximit\u00e9 des deux cavit\u00e9s, nous ne sommes pas parvenus \u00e0 jonctionner la Torca Aitken avec celle du Maxou Picchu. Du coup, nous avons d\u00e9s\u00e9quip\u00e9 cette derni\u00e8re, lui pr\u00e9f\u00e9rant la torca de los Rebecos d\u00e9couverte cet \u00e9t\u00e9. Apr\u00e8s une paire de puits, nous sommes ainsi parvenus dans une grande salle parcourue par un tr\u00e8s net courant d&rsquo;air et un ruisseau temporaire. Celui-ci se perd dans un petit puits et une zone chaotique peu \u00e9vidente \u00e0 franchir. Peu avant cette salle, nous avons jonctionn\u00e9 avec une doline voisine par un m\u00e9andre \u00e9troit reconnu cet \u00e9t\u00e9 par Ludo. L&rsquo;ensemble d\u00e9veloppe d\u00e9j\u00e0 quelques centaines de m\u00e8tres et il reste plusieurs points d&rsquo;interrogation \u00e0 lever.<\/p>\n<div id=\"attachment_426\" style=\"width: 309px\" class=\"wp-caption aligncenter\"><a href=\"https:\/\/karstexplo.fr\/blog\/wp-content\/uploads\/2014\/01\/rebecos-1.jpg\"><img aria-describedby=\"caption-attachment-426\" decoding=\"async\" loading=\"lazy\" class=\"size-medium wp-image-426\" alt=\"Le m\u00e9andre de la torca de los rebecos\" src=\"https:\/\/karstexplo.fr\/blog\/wp-content\/uploads\/2014\/01\/rebecos-1-299x400.jpg\" width=\"299\" height=\"400\" srcset=\"https:\/\/karstexplo.fr\/blog\/wp-content\/uploads\/2014\/01\/rebecos-1-299x400.jpg 299w, https:\/\/karstexplo.fr\/blog\/wp-content\/uploads\/2014\/01\/rebecos-1-767x1024.jpg 767w, https:\/\/karstexplo.fr\/blog\/wp-content\/uploads\/2014\/01\/rebecos-1.jpg 800w\" sizes=\"(max-width: 299px) 100vw, 299px\" \/><\/a><p id=\"caption-attachment-426\" class=\"wp-caption-text\">Le m\u00e9andre de la torca de los rebecos<\/p><\/div>\n<ul>\n<li>\n<h3 style=\"text-align: justify;\">Dans la Carrera<\/h3>\n<\/li>\n<\/ul>\n<p style=\"text-align: justify;\">Les explorations se sont poursuivies tant en amont qu&rsquo;en aval. Dans le premier cas, ce sont des tr\u00e9mies qui nous ont arr\u00eat\u00e9s dans l&rsquo;actif et le fossile. Un m\u00e9andre affluent, \u00e9troit et tortueux, pourrait nous permettre \u00e9ventuellement de contourner ces obstacles, mais rien n&rsquo;est jou\u00e9. En aval, plusieurs sorties ont confirm\u00e9s l&rsquo;existence de 3 niveaux superpos\u00e9s bien identifi\u00e9s. Pr\u00e8s de deux kilom\u00e8tres ont \u00e9t\u00e9 ainsi topographi\u00e9s.<\/p>\n<div id=\"attachment_427\" style=\"width: 309px\" class=\"wp-caption aligncenter\"><a href=\"https:\/\/karstexplo.fr\/blog\/wp-content\/uploads\/2014\/01\/Vire.jpg\"><img aria-describedby=\"caption-attachment-427\" decoding=\"async\" loading=\"lazy\" class=\"size-medium wp-image-427\" alt=\"Vire pour atteindre l'amont de la galerie del Pedrito.\" src=\"https:\/\/karstexplo.fr\/blog\/wp-content\/uploads\/2014\/01\/Vire-299x400.jpg\" width=\"299\" height=\"400\" srcset=\"https:\/\/karstexplo.fr\/blog\/wp-content\/uploads\/2014\/01\/Vire-299x400.jpg 299w, https:\/\/karstexplo.fr\/blog\/wp-content\/uploads\/2014\/01\/Vire-767x1024.jpg 767w, https:\/\/karstexplo.fr\/blog\/wp-content\/uploads\/2014\/01\/Vire.jpg 800w\" sizes=\"(max-width: 299px) 100vw, 299px\" \/><\/a><p id=\"caption-attachment-427\" class=\"wp-caption-text\">Vire pour atteindre l&rsquo;amont de la galerie del Pedrito.<\/p><\/div>\n<p><em>Participants : D. Boibessot, P. et S. Degouve, S. Latapie, A. Massuyeau, C. Philippe, G. Simonnot, N. et B. Vigneau<\/em><\/p>\n<h2>S\u00e9jour de fin d&rsquo;ann\u00e9e<\/h2>\n<p style=\"text-align: justify;\">L&rsquo;\u00e9quipe est plus restreinte et seul Jos\u00e9 Leroy nous rejoint pour quelques sorties d\u00e9sobstruction. Aussi, nous nous associons \u00e0 nos amis de l&rsquo;AEMT (Santo\u00f1a) pour revoir le fond du canyon Est de la Cayuela. Cela nous trottait dans la t\u00eate depuis longtemps et rentrait dans une d\u00e9marche plus large de r\u00e9vision de la topographie de cette cavit\u00e9 majeure du massif. En deux sorties nous avons enti\u00e8rement revu le fond de la galerie et d\u00e9couvert un peu plus de 300 m de nouvelles galeries. H\u00e9las, \u00e0 chaque fois, celles-ci se sont termin\u00e9es par de vastes puits remontants avec de forts courants d&rsquo;air. Il nous reste quelques d\u00e9parts \u00e0 voir.<\/p>\n<div id=\"attachment_425\" style=\"width: 410px\" class=\"wp-caption aligncenter\"><a href=\"https:\/\/karstexplo.fr\/blog\/wp-content\/uploads\/2014\/01\/cayuela-1.jpg\"><img aria-describedby=\"caption-attachment-425\" decoding=\"async\" loading=\"lazy\" class=\"size-medium wp-image-425\" alt=\"Dans les nouveaux puits de la Cayuela\" src=\"https:\/\/karstexplo.fr\/blog\/wp-content\/uploads\/2014\/01\/cayuela-1-400x300.jpg\" width=\"400\" height=\"300\" srcset=\"https:\/\/karstexplo.fr\/blog\/wp-content\/uploads\/2014\/01\/cayuela-1-400x300.jpg 400w, https:\/\/karstexplo.fr\/blog\/wp-content\/uploads\/2014\/01\/cayuela-1-1024x768.jpg 1024w, https:\/\/karstexplo.fr\/blog\/wp-content\/uploads\/2014\/01\/cayuela-1.jpg 1200w\" sizes=\"(max-width: 400px) 100vw, 400px\" \/><\/a><p id=\"caption-attachment-425\" class=\"wp-caption-text\">Dans les nouveaux puits de la Cayuela<\/p><\/div>\n<p style=\"text-align: justify;\">Parall\u00e8lement, nous avons poursuivi les d\u00e9sobstructions dans quelques cavit\u00e9s de Buzulucueva. L&rsquo;une d&rsquo;elles a commenc\u00e9 \u00e0 nous conc\u00e9der quelques puits. Affaire \u00e0 suivre&#8230;<\/p>\n<p style=\"text-align: justify;\">Dans le m\u00eame secteur et toujours en compagnie de nos amis de l&rsquo;AEMT, nous avons r\u00e9 explor\u00e9 des gouffres d\u00e9j\u00e0 recens\u00e9s par le SGCAF mais sans grand r\u00e9sultat.<\/p>\n<p style=\"text-align: justify;\"><em>Participants : Juan Jose Argos, Luis \u00c1ngel Gonz\u00e1lez (Pixi), Ana Sobrino, David de Dios, Alfredo Santos (Manoplas), Iv\u00e1n Exp\u00f3sito, Jose Miguel Gonz\u00e1lez (Josemi), Marcos Valle\u00a0 pour l&rsquo;AEMT et P. et S. Degouve, J. Leroy.<!--[if gte mso 9]><xml>\n<w:WordDocument>\n<w:View>Normal<\/w:View>\n<w:Zoom>0<\/w:Zoom>\n<w:HyphenationZone>21<\/w:HyphenationZone>\n<w:PunctuationKerning\/>\n<w:ValidateAgainstSchemas\/>\n<w:SaveIfXMLInvalid>false<\/w:SaveIfXMLInvalid>\n<w:IgnoreMixedContent>false<\/w:IgnoreMixedContent>\n<w:AlwaysShowPlaceholderText>false<\/w:AlwaysShowPlaceholderText>\n<w:Compatibility>\n<w:BreakWrappedTables\/>\n<w:SnapToGridInCell\/>\n<w:WrapTextWithPunct\/>\n<w:UseAsianBreakRules\/>\n<w:DontGrowAutofit\/>\n<\/w:Compatibility>\n<w:BrowserLevel>MicrosoftInternetExplorer4<\/w:BrowserLevel>\n<\/w:WordDocument>\n<\/xml><![endif]--><\/em><\/p>\n<p style=\"text-align: justify;\"><em><!--[if gte mso 9]><xml>\n<w:LatentStyles DefLockedState=\"false\" LatentStyleCount=\"156\">\n<\/w:LatentStyles>\n<\/xml><![endif]--><!--[if !mso]><object classid=\"clsid:38481807-CA0E-42D2-BF39-B33AF135CC4D\" id=ieooui><\/object>\n\n\n\n<style>\nst1\\:*{behavior:url(#ieooui) }\n<\/style>\n\n<![endif]--><\/em><\/p>\n<p>&nbsp;<\/p>\n","protected":false},"excerpt":{"rendered":"<p>L&rsquo;absence de message sur le blog depuis novembre dernier commen\u00e7ait \u00e0 inqui\u00e9ter certains de nos lecteurs. Qu&rsquo;ils soient ici rassur\u00e9s\u00a0 nous n&rsquo;avons pas mis la clef sous le paillasson et d&rsquo;ailleurs durant ces 3 mois nous n&rsquo;avons pas ch\u00f4m\u00e9.\u00a0 D&rsquo;ailleurs, globalement, l&rsquo;ann\u00e9e 2013 nous aura offert quelques belles d\u00e9couvertes avec un cumul total de 8860 [&hellip;]<\/p>\n","protected":false},"author":1,"featured_media":0,"comment_status":"open","ping_status":"open","sticky":false,"template":"","format":"standard","meta":[],"categories":[3,4],"tags":[78,13],"_links":{"self":[{"href":"https:\/\/karstexplo.fr\/blog\/index.php?rest_route=\/wp\/v2\/posts\/423"}],"collection":[{"href":"https:\/\/karstexplo.fr\/blog\/index.php?rest_route=\/wp\/v2\/posts"}],"about":[{"href":"https:\/\/karstexplo.fr\/blog\/index.php?rest_route=\/wp\/v2\/types\/post"}],"author":[{"embeddable":true,"href":"https:\/\/karstexplo.fr\/blog\/index.php?rest_route=\/wp\/v2\/users\/1"}],"replies":[{"embeddable":true,"href":"https:\/\/karstexplo.fr\/blog\/index.php?rest_route=%2Fwp%2Fv2%2Fcomments&post=423"}],"version-history":[{"count":8,"href":"https:\/\/karstexplo.fr\/blog\/index.php?rest_route=\/wp\/v2\/posts\/423\/revisions"}],"predecessor-version":[{"id":454,"href":"https:\/\/karstexplo.fr\/blog\/index.php?rest_route=\/wp\/v2\/posts\/423\/revisions\/454"}],"wp:attachment":[{"href":"https:\/\/karstexplo.fr\/blog\/index.php?rest_route=%2Fwp%2Fv2%2Fmedia&parent=423"}],"wp:term":[{"taxonomy":"category","embeddable":true,"href":"https:\/\/karstexplo.fr\/blog\/index.php?rest_route=%2Fwp%2Fv2%2Fcategories&post=423"},{"taxonomy":"post_tag","embeddable":true,"href":"https:\/\/karstexplo.fr\/blog\/index.php?rest_route=%2Fwp%2Fv2%2Ftags&post=423"}],"curies":[{"name":"wp","href":"https:\/\/api.w.org\/{rel}","templated":true}]}}