{"id":487,"date":"2014-09-08T21:48:05","date_gmt":"2014-09-08T19:48:05","guid":{"rendered":"http:\/\/karstexplo.fr\/blog\/?p=487"},"modified":"2014-10-02T19:36:46","modified_gmt":"2014-10-02T17:36:46","slug":"ete-2014-le-pari-de-la-desobstruction","status":"publish","type":"post","link":"https:\/\/karstexplo.fr\/blog\/?p=487","title":{"rendered":"Et\u00e9 2014 : le pari de la d\u00e9sobstruction&#8230;"},"content":{"rendered":"<p style=\"text-align: justify;\"><em>Il n&rsquo;est pas toujours tr\u00e8s facile, durant un camp estival,\u00a0 de privil\u00e9gier de grosses d\u00e9sobstructions aux d\u00e9pends d&rsquo;activit\u00e9s moins r\u00e9barbatives de prospection ou d&rsquo;exploration. Le r\u00e9sultat n&rsquo;\u00e9tant pas toujours garanti (loin de l\u00e0&#8230;) on prend bien s\u00fbr le risque de revenir bredouille. Dans des massifs comme celui de Porracolina, cela peut sembler \u00eatre un mauvais choix. Pourtant, cette ann\u00e9e, c&rsquo;est celui que nous avons fait et nous ne le regrettons pas car trouver enfin ce que l&rsquo;on cherche depuis longtemps offre parfois plus de satisfaction que l&rsquo;accumulation de m\u00e8tres de premi\u00e8re.<\/em><\/p>\n<div id=\"attachment_504\" style=\"width: 309px\" class=\"wp-caption aligncenter\"><a href=\"https:\/\/karstexplo.fr\/blog\/wp-content\/uploads\/2014\/09\/ete2014-10.jpg\"><img aria-describedby=\"caption-attachment-504\" decoding=\"async\" loading=\"lazy\" class=\"size-medium wp-image-504\" alt=\"D\u00e9sobstruction au-dessus de la Gandara. Visiblement, H\u00e9l\u00e8ne y croit...\" src=\"https:\/\/karstexplo.fr\/blog\/wp-content\/uploads\/2014\/09\/ete2014-10-299x400.jpg\" width=\"299\" height=\"400\" srcset=\"https:\/\/karstexplo.fr\/blog\/wp-content\/uploads\/2014\/09\/ete2014-10-299x400.jpg 299w, https:\/\/karstexplo.fr\/blog\/wp-content\/uploads\/2014\/09\/ete2014-10-767x1024.jpg 767w, https:\/\/karstexplo.fr\/blog\/wp-content\/uploads\/2014\/09\/ete2014-10.jpg 800w\" sizes=\"(max-width: 299px) 100vw, 299px\" \/><\/a><p id=\"caption-attachment-504\" class=\"wp-caption-text\">D\u00e9sobstruction au-dessus de la Gandara. Visiblement, H\u00e9l\u00e8ne y croit&#8230;<\/p><\/div>\n<p style=\"text-align: justify;\"><em>Voici donc un r\u00e9sum\u00e9 de nos recherches estivales qui se sont d\u00e9roul\u00e9es en juillet et ao\u00fbt avec pas moins de 34 sorties sur le terrain.<\/em><br \/>\n<em> Participants : G. Aranzabal, E. Bunoz, P. et S. Degouve, L. Guillot, H. Manusse, Mavil\u00a0 Marin,\u00a0 A. Massuyeau, J. N. Outhier, B. Pernot, G. Simonnot, Y. Tual.<\/em><\/p>\n<h3>Secteur de la Gandara<\/h3>\n<p style=\"text-align: justify;\">Depuis la d\u00e9couverte du r\u00e9seau en 2001, nous commen\u00e7ons \u00e0 avoir une vision assez claire du syst\u00e8me et du potentiel important qui reste \u00e0 explorer. Du c\u00f4t\u00e9 de Bustalveinte nous avons ainsi repris l&rsquo;exploration de quelques cavit\u00e9s qui pourraient \u00e0 terme rejoindre le r\u00e9seau.<\/p>\n<div id=\"attachment_497\" style=\"width: 410px\" class=\"wp-caption aligncenter\"><a href=\"https:\/\/karstexplo.fr\/blog\/wp-content\/uploads\/2014\/09\/ete2014-3.jpg\"><img aria-describedby=\"caption-attachment-497\" decoding=\"async\" loading=\"lazy\" class=\"size-medium wp-image-497\" alt=\"La cueva de San Antonio sur le versant sud du Fraile\" src=\"https:\/\/karstexplo.fr\/blog\/wp-content\/uploads\/2014\/09\/ete2014-3-400x279.jpg\" width=\"400\" height=\"279\" srcset=\"https:\/\/karstexplo.fr\/blog\/wp-content\/uploads\/2014\/09\/ete2014-3-400x279.jpg 400w, https:\/\/karstexplo.fr\/blog\/wp-content\/uploads\/2014\/09\/ete2014-3-1024x714.jpg 1024w, https:\/\/karstexplo.fr\/blog\/wp-content\/uploads\/2014\/09\/ete2014-3.jpg 1200w\" sizes=\"(max-width: 400px) 100vw, 400px\" \/><\/a><p id=\"caption-attachment-497\" class=\"wp-caption-text\">La cueva de San Antonio sur le versant sud du Fraile<\/p><\/div>\n<p style=\"text-align: justify;\">Mais, cette ann\u00e9e, nous nous sommes surtout concentr\u00e9s sur la d\u00e9sobstruction du Cubillo Fraile. Celui-ci nous r\u00e9sistait depuis longtemps et cela, malgr\u00e9 de nombreuses s\u00e9ances de d\u00e9sobstruction dont un s\u00e9jour complet en 2000 durant lequel nous avions approfondi la diaclase terminale d&rsquo;une dizaine de m\u00e8tres. Au d\u00e9but de l&rsquo;\u00e9t\u00e9, rien ne semblait \u00e9vident, mais au bout de 6 s\u00e9ances nous sommes parvenus \u00e0 passer dans un niveau de galeries parcourues sur pr\u00e8s de 700 m. Pour le moment, rien n&rsquo;est jou\u00e9, mais un cap important semble \u00eatre franchi.<\/p>\n<div id=\"attachment_494\" style=\"width: 292px\" class=\"wp-caption aligncenter\"><a href=\"https:\/\/karstexplo.fr\/blog\/wp-content\/uploads\/2014\/09\/ete2014-15.jpg\"><img aria-describedby=\"caption-attachment-494\" decoding=\"async\" loading=\"lazy\" class=\"size-medium wp-image-494\" alt=\"Le puits d'acc\u00e8s \u00e0 la galerie de la Peau de l'Ours (Cubillo Fraile)\" src=\"https:\/\/karstexplo.fr\/blog\/wp-content\/uploads\/2014\/09\/ete2014-15-282x400.jpg\" width=\"282\" height=\"400\" srcset=\"https:\/\/karstexplo.fr\/blog\/wp-content\/uploads\/2014\/09\/ete2014-15-282x400.jpg 282w, https:\/\/karstexplo.fr\/blog\/wp-content\/uploads\/2014\/09\/ete2014-15-723x1024.jpg 723w, https:\/\/karstexplo.fr\/blog\/wp-content\/uploads\/2014\/09\/ete2014-15.jpg 800w\" sizes=\"(max-width: 282px) 100vw, 282px\" \/><\/a><p id=\"caption-attachment-494\" class=\"wp-caption-text\">Le puits d&rsquo;acc\u00e8s \u00e0 la galerie de la Peau de l&rsquo;Ours (Cubillo Fraile)<\/p><\/div>\n<p>&nbsp;<\/p>\n<div id=\"attachment_508\" style=\"width: 276px\" class=\"wp-caption aligncenter\"><a href=\"https:\/\/karstexplo.fr\/blog\/wp-content\/uploads\/2014\/09\/ete2014-14.jpg\"><img aria-describedby=\"caption-attachment-508\" decoding=\"async\" loading=\"lazy\" class=\"size-medium wp-image-508\" alt=\"La galerie de la Peau de l'Ours se termine sur des \u00e9troitures.\" src=\"https:\/\/karstexplo.fr\/blog\/wp-content\/uploads\/2014\/09\/ete2014-14-266x400.jpg\" width=\"266\" height=\"400\" srcset=\"https:\/\/karstexplo.fr\/blog\/wp-content\/uploads\/2014\/09\/ete2014-14-266x400.jpg 266w, https:\/\/karstexplo.fr\/blog\/wp-content\/uploads\/2014\/09\/ete2014-14-682x1024.jpg 682w, https:\/\/karstexplo.fr\/blog\/wp-content\/uploads\/2014\/09\/ete2014-14.jpg 800w\" sizes=\"(max-width: 266px) 100vw, 266px\" \/><\/a><p id=\"caption-attachment-508\" class=\"wp-caption-text\">La galerie de la Peau de l&rsquo;Ours se termine sur des \u00e9troitures.<\/p><\/div>\n<p>De la m\u00eame fa\u00e7on, au nord du r\u00e9seau, la cueva Helguerra nous a livr\u00e9 300 m de belles galeries termin\u00e9es par de nouveaux chantiers de d\u00e9sobstruction.<\/p>\n<div id=\"attachment_507\" style=\"width: 276px\" class=\"wp-caption aligncenter\"><a href=\"https:\/\/karstexplo.fr\/blog\/wp-content\/uploads\/2014\/09\/ete2014-13.jpg\"><img aria-describedby=\"caption-attachment-507\" decoding=\"async\" loading=\"lazy\" class=\"size-medium wp-image-507\" alt=\"L'entr\u00e9e de la cueva de Helguerra\" src=\"https:\/\/karstexplo.fr\/blog\/wp-content\/uploads\/2014\/09\/ete2014-13-266x400.jpg\" width=\"266\" height=\"400\" srcset=\"https:\/\/karstexplo.fr\/blog\/wp-content\/uploads\/2014\/09\/ete2014-13-266x400.jpg 266w, https:\/\/karstexplo.fr\/blog\/wp-content\/uploads\/2014\/09\/ete2014-13-682x1024.jpg 682w, https:\/\/karstexplo.fr\/blog\/wp-content\/uploads\/2014\/09\/ete2014-13.jpg 800w\" sizes=\"(max-width: 266px) 100vw, 266px\" \/><\/a><p id=\"caption-attachment-507\" class=\"wp-caption-text\">L&rsquo;entr\u00e9e de la cueva de Helguerra<\/p><\/div>\n<p style=\"text-align: justify;\">Du c\u00f4t\u00e9 de la Lunada, pas grand chose de neuf hormis quelques cavit\u00e9s mineures et d&rsquo;autres qui font d\u00e9j\u00e0 l&rsquo;objet de nouveaux chantiers de d\u00e9sobstruction.<\/p>\n<p style=\"text-align: justify;\">Dans le r\u00e9seau lui-m\u00eame, nous avons pris le temps cette ann\u00e9e d&rsquo;effectuer certaines mesures notamment de d\u00e9bit pour \u00e9clairer un peu plus notre lanterne. Nous en avons \u00e9galement profit\u00e9 pour poser un capteur de pression et de temp\u00e9rature au niveau du collecteur (reefnet mis \u00e0 disposition par le CDS 65). Les informations fournies par celui-ci devraient nous permettre de mieux conna\u00eetre les variations du niveau de la rivi\u00e8re en les corr\u00e9lant avec les infos m\u00e9t\u00e9os.<\/p>\n<div id=\"attachment_506\" style=\"width: 410px\" class=\"wp-caption aligncenter\"><a href=\"https:\/\/karstexplo.fr\/blog\/wp-content\/uploads\/2014\/09\/ete2014-12.jpg\"><img aria-describedby=\"caption-attachment-506\" decoding=\"async\" loading=\"lazy\" class=\"size-medium wp-image-506\" alt=\"La branche Sud du collecteur de la Gandara\" src=\"https:\/\/karstexplo.fr\/blog\/wp-content\/uploads\/2014\/09\/ete2014-12-400x300.jpg\" width=\"400\" height=\"300\" srcset=\"https:\/\/karstexplo.fr\/blog\/wp-content\/uploads\/2014\/09\/ete2014-12-400x300.jpg 400w, https:\/\/karstexplo.fr\/blog\/wp-content\/uploads\/2014\/09\/ete2014-12-1024x768.jpg 1024w, https:\/\/karstexplo.fr\/blog\/wp-content\/uploads\/2014\/09\/ete2014-12.jpg 1200w\" sizes=\"(max-width: 400px) 100vw, 400px\" \/><\/a><p id=\"caption-attachment-506\" class=\"wp-caption-text\">La branche Sud du collecteur de la Gandara<\/p><\/div>\n<div id=\"attachment_505\" style=\"width: 410px\" class=\"wp-caption aligncenter\"><a href=\"https:\/\/karstexplo.fr\/blog\/wp-content\/uploads\/2014\/09\/ete2014-11.jpg\"><img aria-describedby=\"caption-attachment-505\" decoding=\"async\" loading=\"lazy\" class=\"size-medium wp-image-505\" alt=\"H\u00e9l\u00e8ne et Yann effectuent des mesures de temp\u00e9rature et de conductivit\u00e9 dans le collecteur de la Gandara.\" src=\"https:\/\/karstexplo.fr\/blog\/wp-content\/uploads\/2014\/09\/ete2014-11-400x300.jpg\" width=\"400\" height=\"300\" srcset=\"https:\/\/karstexplo.fr\/blog\/wp-content\/uploads\/2014\/09\/ete2014-11-400x300.jpg 400w, https:\/\/karstexplo.fr\/blog\/wp-content\/uploads\/2014\/09\/ete2014-11-1024x768.jpg 1024w, https:\/\/karstexplo.fr\/blog\/wp-content\/uploads\/2014\/09\/ete2014-11.jpg 1200w\" sizes=\"(max-width: 400px) 100vw, 400px\" \/><\/a><p id=\"caption-attachment-505\" class=\"wp-caption-text\">H\u00e9l\u00e8ne et Yann effectuent des mesures de temp\u00e9rature et de conductivit\u00e9 dans le collecteur de la Gandara.<\/p><\/div>\n<h3 style=\"text-align: justify;\">Secteur de l&rsquo;Hoyo Grande<\/h3>\n<p style=\"text-align: justify;\">Profitant d&rsquo;une p\u00e9riode plus calme nous sommes retourn\u00e9s \u00e0 plusieurs reprise sur les lapiaz de l&rsquo;Hoyo Grande et plus particuli\u00e8rement autour du gouffre de l&rsquo;arbre Tordu (n\u00b0271) pour revoir certaines cavit\u00e9s dont l&rsquo;exploration n&rsquo;avait pas \u00e9t\u00e9 approfondie. Plusieurs puits, dont certains in\u00e9dits (d\u00e9sobstruction) ont \u00e9t\u00e9 descendus mais aucun d&rsquo;eux n&rsquo;a permis d\u2019acc\u00e9der aux galeries de la torca de l&rsquo;Hoyo Grande situ\u00e9es juste en dessous.<\/p>\n<div id=\"attachment_495\" style=\"width: 276px\" class=\"wp-caption aligncenter\"><a href=\"https:\/\/karstexplo.fr\/blog\/wp-content\/uploads\/2014\/09\/ete2014-1.jpg\"><img aria-describedby=\"caption-attachment-495\" decoding=\"async\" loading=\"lazy\" class=\"size-medium wp-image-495\" alt=\"Mavil \u00e0 l'entr\u00e9e de la torca del Arbol Torcido\" src=\"https:\/\/karstexplo.fr\/blog\/wp-content\/uploads\/2014\/09\/ete2014-1-266x400.jpg\" width=\"266\" height=\"400\" srcset=\"https:\/\/karstexplo.fr\/blog\/wp-content\/uploads\/2014\/09\/ete2014-1-266x400.jpg 266w, https:\/\/karstexplo.fr\/blog\/wp-content\/uploads\/2014\/09\/ete2014-1-682x1024.jpg 682w, https:\/\/karstexplo.fr\/blog\/wp-content\/uploads\/2014\/09\/ete2014-1.jpg 800w\" sizes=\"(max-width: 266px) 100vw, 266px\" \/><\/a><p id=\"caption-attachment-495\" class=\"wp-caption-text\">Mavil \u00e0 l&rsquo;entr\u00e9e de la torca del Arbol Torcido<\/p><\/div>\n<h3 style=\"text-align: justify;\">Cueva de la Carrera<\/h3>\n<p style=\"text-align: justify;\">Parmi les nombreux d\u00e9parts qu&rsquo;il nous restaient \u00e0 voir dans cette cavit\u00e9 d\u00e9couverte en juillet 2013,\u00a0 la galerie Proactive semblait \u00eatre la mieux plac\u00e9e pour rejoindre la Cayuela. Le cheminement souvent \u00e9troit nous a conduit dans des galeries fossiles plus amples et un petit actif termin\u00e9 par un siphon. Au total nous rajoutons 440 m ce qui porte le d\u00e9veloppement \u00e0 7178 m.<\/p>\n<div id=\"attachment_500\" style=\"width: 276px\" class=\"wp-caption aligncenter\"><a href=\"https:\/\/karstexplo.fr\/blog\/wp-content\/uploads\/2014\/09\/ete2014-6.jpg\"><img aria-describedby=\"caption-attachment-500\" decoding=\"async\" loading=\"lazy\" class=\"size-medium wp-image-500\" alt=\"Les boyaux du m\u00e9andre ProActiv dans la cueva de la Carrera\" src=\"https:\/\/karstexplo.fr\/blog\/wp-content\/uploads\/2014\/09\/ete2014-6-266x400.jpg\" width=\"266\" height=\"400\" srcset=\"https:\/\/karstexplo.fr\/blog\/wp-content\/uploads\/2014\/09\/ete2014-6-266x400.jpg 266w, https:\/\/karstexplo.fr\/blog\/wp-content\/uploads\/2014\/09\/ete2014-6-682x1024.jpg 682w, https:\/\/karstexplo.fr\/blog\/wp-content\/uploads\/2014\/09\/ete2014-6.jpg 800w\" sizes=\"(max-width: 266px) 100vw, 266px\" \/><\/a><p id=\"caption-attachment-500\" class=\"wp-caption-text\">Les boyaux du m\u00e9andre ProActiv dans la cueva de la Carrera<\/p><\/div>\n<h3 style=\"text-align: justify;\">Secteur Bustablado<\/h3>\n<ul>\n<li><strong>Torca de los Rebeccos<\/strong><\/li>\n<\/ul>\n<p style=\"text-align: justify;\">Dans la doline d&rsquo;entr\u00e9e, un second orifice restait \u00e0 explorer. Par une succession de petits puits nous sommes retomb\u00e9s dans le m\u00e9andre de la torca 1892, juste avant la grande salle. Du coup nous pouvons consid\u00e9rer ce gouffre comme termin\u00e9 (540 m ; -127 m).<\/p>\n<ul>\n<li><strong>Torca del Osezno<\/strong><\/li>\n<\/ul>\n<p style=\"text-align: justify;\">Le point bas de ce gouffre se terminait \u00e0 -102 m par un \u00e9troit m\u00e9andre ventil\u00e9. En ao\u00fbt, une d\u00e9sobstruction difficile permet de prolonger ce m\u00e9andre jusqu&rsquo;\u00e0 un puits de 25 m pr\u00e9c\u00e9dant de nouvelles \u00e9troitures. Heureusement, au sommet du puits, apr\u00e8s une courte escalade, nous avons retrouv\u00e9 un conduit plus vaste. Celui-ci, entrecoup\u00e9 de petits crans verticaux a finalement rejoint la galerie du Lasso dans la torca del Maxou Picchu. Aussi cette jonction enl\u00e8ve beaucoup d&rsquo;attrait \u00e0 ce gouffre que nous aurions pr\u00e9f\u00e9r\u00e9 voir continuer plus bas. Son voisin, la torca del Crater n&rsquo;a en revanche pas \u00e9t\u00e9 jonctionn\u00e9e et se termine pr\u00e9matur\u00e9ment \u00e0 -49 m.<\/p>\n<ul>\n<li><strong>Torca Aitken<\/strong><\/li>\n<\/ul>\n<p style=\"text-align: justify;\">En collaboration avec l&rsquo;ACE Mataro, nous avions pr\u00e9vu de nous atteler \u00e0 la jonction avec la torca de las Yeguas. Malheureusement nos amis \u00e9tant pris par d&rsquo;autres explorations il ne nous a pas \u00e9t\u00e9 possible d&rsquo;attaquer cette jonction sur les deux fronts&#8230; Nous sommes cependant retourn\u00e9s au d\u00e9part de la galerie du Poulpe pour fouiller le secteur Un peu plus de 300 m de petites galeries ont \u00e9t\u00e9 topographi\u00e9s mais sans suite \u00e9vidente. Le d\u00e9veloppement passe \u00e0 8850 m.<\/p>\n<div id=\"attachment_503\" style=\"width: 410px\" class=\"wp-caption aligncenter\"><a href=\"https:\/\/karstexplo.fr\/blog\/wp-content\/uploads\/2014\/09\/ete2014-9.jpg\"><img aria-describedby=\"caption-attachment-503\" decoding=\"async\" loading=\"lazy\" class=\"size-medium wp-image-503\" alt=\"Yann admiratif...\" src=\"https:\/\/karstexplo.fr\/blog\/wp-content\/uploads\/2014\/09\/ete2014-9-400x300.jpg\" width=\"400\" height=\"300\" srcset=\"https:\/\/karstexplo.fr\/blog\/wp-content\/uploads\/2014\/09\/ete2014-9-400x300.jpg 400w, https:\/\/karstexplo.fr\/blog\/wp-content\/uploads\/2014\/09\/ete2014-9-1024x768.jpg 1024w, https:\/\/karstexplo.fr\/blog\/wp-content\/uploads\/2014\/09\/ete2014-9.jpg 1200w\" sizes=\"(max-width: 400px) 100vw, 400px\" \/><\/a><p id=\"caption-attachment-503\" class=\"wp-caption-text\">Yann admiratif&#8230;<\/p><\/div>\n<ul>\n<li><strong>Torca del Pasillo<\/strong><\/li>\n<\/ul>\n<p style=\"text-align: justify;\">Il nous restait quelques d\u00e9parts \u00e0 voir avant de penser \u00e0 d\u00e9s\u00e9quiper ce gouffre qui avait rejoint le r\u00e9seau de l&rsquo;alto de Tejuelo-Muela en 2012. Le premier d\u00e9part se situait dans la galerie de -200 m.\u00a0 Vu la taille r\u00e9duite du m\u00e9andre nous nous y engageons avec un minimum de mat\u00e9riel. Mais finalement, le conduit prend un peu d&rsquo;ampleur et se ramifie. Au total nous parcourons un peu plus de 400 m mais la suite devient franchement \u00e9troite. Il nous reste juste le temps de voir un autre d\u00e9part vers -215 m. Au sommet d&rsquo;une courte escalade de 4 m nous tombons dans un conduit \u00e9bouleux. Apr\u00e8s une tr\u00e9mie aux blocs mena\u00e7ants, nous avons la surprise de d\u00e9boucher dans une galerie plus vaste et bien ventil\u00e9e. Au d\u00e9part nous cheminons le long d&rsquo;une fracture inclin\u00e9e o\u00f9 il faut un peu chercher le bon itin\u00e9raire. Mais plus loin, le conduit adopte une morphologie plus r\u00e9guli\u00e8re. Nous franchissons 2 tr\u00e9mies pour finalement butter sur un gros remplissage argileux. La suite semble \u00eatre un boyau lat\u00e9ral parcouru par un fort courant d&rsquo;air. Cette d\u00e9couverte inattendue relance bien s\u00fbr les explorations dans ce gouffre qui n&rsquo;a donc pas fini de nous surprendre. Au total, nous topographions 850 m qui viennent s&rsquo;ajouter au d\u00e9veloppement du r\u00e9seau (120 887 m).<\/p>\n<div id=\"attachment_502\" style=\"width: 410px\" class=\"wp-caption aligncenter\"><a href=\"https:\/\/karstexplo.fr\/blog\/wp-content\/uploads\/2014\/09\/ete2014-8.jpg\"><img aria-describedby=\"caption-attachment-502\" decoding=\"async\" loading=\"lazy\" class=\"size-medium wp-image-502\" alt=\"Le puits Programm\u00e9 \u00e0 l'extr\u00e9mit\u00e9 de la galerie de l'Unijambiste (Carcabon).\" src=\"https:\/\/karstexplo.fr\/blog\/wp-content\/uploads\/2014\/09\/ete2014-8-400x300.jpg\" width=\"400\" height=\"300\" srcset=\"https:\/\/karstexplo.fr\/blog\/wp-content\/uploads\/2014\/09\/ete2014-8-400x300.jpg 400w, https:\/\/karstexplo.fr\/blog\/wp-content\/uploads\/2014\/09\/ete2014-8-1024x768.jpg 1024w, https:\/\/karstexplo.fr\/blog\/wp-content\/uploads\/2014\/09\/ete2014-8.jpg 1200w\" sizes=\"(max-width: 400px) 100vw, 400px\" \/><\/a><p id=\"caption-attachment-502\" class=\"wp-caption-text\">Le puits Programm\u00e9 \u00e0 l&rsquo;extr\u00e9mit\u00e9 de la galerie de l&rsquo;Unijambiste (Carcabon).<\/p><\/div>\n<h3 style=\"text-align: justify;\">Cueva del Carcabon<\/h3>\n<p style=\"text-align: justify;\">L&rsquo;exploration de cette r\u00e9surgence fossile est soumise \u00e0 une m\u00e9t\u00e9o stable car il faut franchir une galerie basse qui s&rsquo;ennoie assez rapidement. M\u00eame s&rsquo;il n&rsquo;y a pas eu de crue marqu\u00e9 durant l&rsquo;\u00e9t\u00e9, nous avons tr\u00e8s souvent eu une m\u00e9t\u00e9o incertaine. Ainsi, nous avons beaucoup moins progress\u00e9 que pr\u00e9vu. A notre terminus de juin, nous avons commenc\u00e9 par descendre le vaste puits qui nous tendait les bras. Comme cela \u00e9tait pr\u00e9visible, celui-ci s&rsquo;est vite transform\u00e9 en un \u00e9norme entonnoir de glaise d\u00e9bouchant sur le niveau noy\u00e9. Pour court-circuiter ce nouvel obstacle il a fallu \u00e0 nouveau \u00e9quiper une longue main courante pour retrouver le courant d&rsquo;air dans une galerie remontante termin\u00e9e par un puits remontant. L&rsquo;escalade de ce dernier (12 m) nous a permis, un moment seulement, de sortir des niveaux argileux. Malheureusement, plus loin, la galerie plonge \u00e0 nouveau dans un puits d&rsquo;une trentaine de m\u00e8tres aux parois recouvertes de glaise. A suivre&#8230;<\/p>\n<div id=\"attachment_501\" style=\"width: 410px\" class=\"wp-caption aligncenter\"><a href=\"https:\/\/karstexplo.fr\/blog\/wp-content\/uploads\/2014\/09\/ete2014-7.jpg\"><img aria-describedby=\"caption-attachment-501\" decoding=\"async\" loading=\"lazy\" class=\"size-medium wp-image-501\" alt=\"Les galeries fossiles de la cueva del Carcabon\" src=\"https:\/\/karstexplo.fr\/blog\/wp-content\/uploads\/2014\/09\/ete2014-7-400x300.jpg\" width=\"400\" height=\"300\" srcset=\"https:\/\/karstexplo.fr\/blog\/wp-content\/uploads\/2014\/09\/ete2014-7-400x300.jpg 400w, https:\/\/karstexplo.fr\/blog\/wp-content\/uploads\/2014\/09\/ete2014-7-1024x768.jpg 1024w, https:\/\/karstexplo.fr\/blog\/wp-content\/uploads\/2014\/09\/ete2014-7.jpg 1200w\" sizes=\"(max-width: 400px) 100vw, 400px\" \/><\/a><p id=\"caption-attachment-501\" class=\"wp-caption-text\">Les galeries fossiles de la cueva del Carcabon<\/p><\/div>\n<p style=\"text-align: justify;\">Nous avons \u00e9galement explor\u00e9 et topographi\u00e9 plusieurs galeries lat\u00e9rales et quelques diverticules. A ce jour le d\u00e9veloppement topographi\u00e9 est d\u00e9sormais de 1350 m pour 50 m de d\u00e9nivellation.<\/p>\n<div id=\"attachment_498\" style=\"width: 410px\" class=\"wp-caption aligncenter\"><a href=\"https:\/\/karstexplo.fr\/blog\/wp-content\/uploads\/2014\/09\/ete2014-4.jpg\"><img aria-describedby=\"caption-attachment-498\" decoding=\"async\" loading=\"lazy\" class=\"size-medium wp-image-498\" alt=\"Prospection vers les cabanes d'Helguerra.\" src=\"https:\/\/karstexplo.fr\/blog\/wp-content\/uploads\/2014\/09\/ete2014-4-400x266.jpg\" width=\"400\" height=\"266\" srcset=\"https:\/\/karstexplo.fr\/blog\/wp-content\/uploads\/2014\/09\/ete2014-4-400x266.jpg 400w, https:\/\/karstexplo.fr\/blog\/wp-content\/uploads\/2014\/09\/ete2014-4-1024x682.jpg 1024w, https:\/\/karstexplo.fr\/blog\/wp-content\/uploads\/2014\/09\/ete2014-4.jpg 1200w\" sizes=\"(max-width: 400px) 100vw, 400px\" \/><\/a><p id=\"caption-attachment-498\" class=\"wp-caption-text\">Prospection vers les cabanes d&rsquo;Helguerra.<\/p><\/div>\n<p style=\"text-align: justify;\"><em>Au total, un peu plus de 3 km de nouvelles galeries ont \u00e9t\u00e9 explor\u00e9s et topographi\u00e9s durant cet \u00e9t\u00e9. Mais \u00e0 cela, il faut ajouter la vingtaine de nouvelles cavit\u00e9s venant enrichir la base de donn\u00e9es. Mais au del\u00e0 des chiffres, ces explorations apportent de nouvelles perspectives pour nos travaux futurs. L&rsquo;avenir nous dira bient\u00f4t si l&rsquo;obstination \u00e0 poursuivre ces chantier souvent besogneux \u00e9tait un bon choix ou non.<\/em><\/p>\n<p>&nbsp;<\/p>\n","protected":false},"excerpt":{"rendered":"<p>Il n&rsquo;est pas toujours tr\u00e8s facile, durant un camp estival,\u00a0 de privil\u00e9gier de grosses d\u00e9sobstructions aux d\u00e9pends d&rsquo;activit\u00e9s moins r\u00e9barbatives de prospection ou d&rsquo;exploration. Le r\u00e9sultat n&rsquo;\u00e9tant pas toujours garanti (loin de l\u00e0&#8230;) on prend bien s\u00fbr le risque de revenir bredouille. Dans des massifs comme celui de Porracolina, cela peut sembler \u00eatre un mauvais [&hellip;]<\/p>\n","protected":false},"author":1,"featured_media":0,"comment_status":"open","ping_status":"open","sticky":false,"template":"","format":"standard","meta":[],"categories":[4],"tags":[],"_links":{"self":[{"href":"https:\/\/karstexplo.fr\/blog\/index.php?rest_route=\/wp\/v2\/posts\/487"}],"collection":[{"href":"https:\/\/karstexplo.fr\/blog\/index.php?rest_route=\/wp\/v2\/posts"}],"about":[{"href":"https:\/\/karstexplo.fr\/blog\/index.php?rest_route=\/wp\/v2\/types\/post"}],"author":[{"embeddable":true,"href":"https:\/\/karstexplo.fr\/blog\/index.php?rest_route=\/wp\/v2\/users\/1"}],"replies":[{"embeddable":true,"href":"https:\/\/karstexplo.fr\/blog\/index.php?rest_route=%2Fwp%2Fv2%2Fcomments&post=487"}],"version-history":[{"count":11,"href":"https:\/\/karstexplo.fr\/blog\/index.php?rest_route=\/wp\/v2\/posts\/487\/revisions"}],"predecessor-version":[{"id":522,"href":"https:\/\/karstexplo.fr\/blog\/index.php?rest_route=\/wp\/v2\/posts\/487\/revisions\/522"}],"wp:attachment":[{"href":"https:\/\/karstexplo.fr\/blog\/index.php?rest_route=%2Fwp%2Fv2%2Fmedia&parent=487"}],"wp:term":[{"taxonomy":"category","embeddable":true,"href":"https:\/\/karstexplo.fr\/blog\/index.php?rest_route=%2Fwp%2Fv2%2Fcategories&post=487"},{"taxonomy":"post_tag","embeddable":true,"href":"https:\/\/karstexplo.fr\/blog\/index.php?rest_route=%2Fwp%2Fv2%2Ftags&post=487"}],"curies":[{"name":"wp","href":"https:\/\/api.w.org\/{rel}","templated":true}]}}