{"id":513,"date":"2014-10-01T22:54:47","date_gmt":"2014-10-01T20:54:47","guid":{"rendered":"http:\/\/karstexplo.fr\/blog\/?p=513"},"modified":"2014-10-02T07:21:29","modified_gmt":"2014-10-02T05:21:29","slug":"escalade-a-la-carrera","status":"publish","type":"post","link":"https:\/\/karstexplo.fr\/blog\/?p=513","title":{"rendered":"Escalade \u00e0 la Carrera"},"content":{"rendered":"<h3 style=\"text-align: justify;\">Lundi 29 septembre 2014 :<\/h3>\n<p style=\"text-align: justify;\">Nous entrons dans la cavit\u00e9 vers 10 h du matin. Vincent et Thomas qui terminent un petit s\u00e9jour en Cantabria sont de la partie. Nous allons directement au fond de la galerie de Pedrito o\u00f9 nous avions rep\u00e9r\u00e9 une escalade. Au passage nous r\u00e9\u00e9quipons un ressaut et r\u00e9cup\u00e9rons un peu de mat\u00e9riel. Arriv\u00e9s sur place, c&rsquo;est Vincent qui se lance dans l&rsquo;escalade. La roche est assez fractur\u00e9e et en traversant pour rejoindre le d\u00e9part de la galerie, un gros bloc se d\u00e9tache et s&rsquo;\u00e9crase juste devant Sandrine qui est en train de l&rsquo;assurer. Plus de peur que de mal, mais nous restons tous vigilants.<\/p>\n<div id=\"attachment_515\" style=\"width: 309px\" class=\"wp-caption aligncenter\"><a href=\"https:\/\/karstexplo.fr\/blog\/wp-content\/uploads\/2014\/10\/Carrera-29-9-14-3.jpg\"><img aria-describedby=\"caption-attachment-515\" decoding=\"async\" loading=\"lazy\" class=\"size-medium wp-image-515\" alt=\"L'escalade des Petits Cochons dans la galerie de Pedrito\" src=\"https:\/\/karstexplo.fr\/blog\/wp-content\/uploads\/2014\/10\/Carrera-29-9-14-3-299x400.jpg\" width=\"299\" height=\"400\" srcset=\"https:\/\/karstexplo.fr\/blog\/wp-content\/uploads\/2014\/10\/Carrera-29-9-14-3-299x400.jpg 299w, https:\/\/karstexplo.fr\/blog\/wp-content\/uploads\/2014\/10\/Carrera-29-9-14-3-767x1024.jpg 767w, https:\/\/karstexplo.fr\/blog\/wp-content\/uploads\/2014\/10\/Carrera-29-9-14-3.jpg 800w\" sizes=\"(max-width: 299px) 100vw, 299px\" \/><\/a><p id=\"caption-attachment-515\" class=\"wp-caption-text\">L&rsquo;escalade des Petits Cochons dans la galerie de Pedrito<\/p><\/div>\n<p style=\"text-align: justify;\">Pendant ce temps, Guy d\u00e9sobstrue un petit soupirail dans un recoin de la galerie. Cela semble un peu plus grand au-del\u00e0, mais il n&rsquo;y a pas d&rsquo;air. Nous rejoignons tous Vincent qui a commenc\u00e9 \u00e0 reconna\u00eetre un conduit qui se divise au bout d&rsquo;une quinzaine de m\u00e8tres. Les deux premi\u00e8res branches que nous visitons sont rapidement bouch\u00e9es. La troisi\u00e8me zigue-zague jusqu&rsquo;\u00e0 un puits d&rsquo;une quinzaine de m\u00e8tres que Thomas est d\u00e9j\u00e0 en train d&rsquo;\u00e9quiper.<\/p>\n<div id=\"attachment_514\" style=\"width: 410px\" class=\"wp-caption aligncenter\"><a href=\"https:\/\/karstexplo.fr\/blog\/wp-content\/uploads\/2014\/10\/Carrera-29-9-14-5.jpg\"><img aria-describedby=\"caption-attachment-514\" decoding=\"async\" loading=\"lazy\" class=\"size-medium wp-image-514\" alt=\"Thomas est \u00e0 la manoeuvre\" src=\"https:\/\/karstexplo.fr\/blog\/wp-content\/uploads\/2014\/10\/Carrera-29-9-14-5-400x300.jpg\" width=\"400\" height=\"300\" srcset=\"https:\/\/karstexplo.fr\/blog\/wp-content\/uploads\/2014\/10\/Carrera-29-9-14-5-400x300.jpg 400w, https:\/\/karstexplo.fr\/blog\/wp-content\/uploads\/2014\/10\/Carrera-29-9-14-5-1024x768.jpg 1024w, https:\/\/karstexplo.fr\/blog\/wp-content\/uploads\/2014\/10\/Carrera-29-9-14-5.jpg 1200w\" sizes=\"(max-width: 400px) 100vw, 400px\" \/><\/a><p id=\"caption-attachment-514\" class=\"wp-caption-text\">Thomas est \u00e0 la man\u0153uvre<\/p><\/div>\n<p style=\"text-align: justify;\">La galerie se poursuit ensuite jusqu&rsquo;\u00e0 un m\u00e9andre plus large qui plonge dans le pendage. Une cinquantaine de m\u00e8tres plus loin, nous d\u00e9bouchons dans une grosse galerie mais nous reconnaissons rapidement l&rsquo;extr\u00e9mit\u00e9 de la salle de la Pyramide. La topo boucle parfaitement et pendant que Sandrine et Vincent refont le chemin inverse pour d\u00e9s\u00e9quiper, nous retournons au bas de l&rsquo;escalade pour terminer le travail entrepris par Guy. L&rsquo;\u00e9troiture est vite agrandie et malheureusement, derri\u00e8re, il n&rsquo;y a aucune continuation, tout juste un vide coinc\u00e9 entre la paroi et le remplissage.<\/p>\n<div id=\"attachment_516\" style=\"width: 309px\" class=\"wp-caption aligncenter\"><a href=\"https:\/\/karstexplo.fr\/blog\/wp-content\/uploads\/2014\/10\/Carrera-05-2014-4.jpg\"><img aria-describedby=\"caption-attachment-516\" decoding=\"async\" loading=\"lazy\" class=\"size-medium wp-image-516\" alt=\"Topographie dans la galerie des Petits Cochons.\" src=\"https:\/\/karstexplo.fr\/blog\/wp-content\/uploads\/2014\/10\/Carrera-05-2014-4-299x400.jpg\" width=\"299\" height=\"400\" srcset=\"https:\/\/karstexplo.fr\/blog\/wp-content\/uploads\/2014\/10\/Carrera-05-2014-4-299x400.jpg 299w, https:\/\/karstexplo.fr\/blog\/wp-content\/uploads\/2014\/10\/Carrera-05-2014-4-767x1024.jpg 767w, https:\/\/karstexplo.fr\/blog\/wp-content\/uploads\/2014\/10\/Carrera-05-2014-4.jpg 800w\" sizes=\"(max-width: 299px) 100vw, 299px\" \/><\/a><p id=\"caption-attachment-516\" class=\"wp-caption-text\">Topographie dans la galerie des Petits Cochons.<\/p><\/div>\n<p style=\"text-align: justify;\">Une fois tous r\u00e9unis, nous revenons en aval pour explorer l&rsquo;actif apr\u00e8s les vires. Le m\u00e9andre, assez confortable au d\u00e9but, se r\u00e9tr\u00e9cit progressivement et il faut parfois chercher son passage pour \u00e9viter de trop se mouiller. Nous progressons ainsi d&rsquo;un peu plus de 180 m jusqu&rsquo;\u00e0 un passage tr\u00e8s resserr\u00e9. La suite n&rsquo;est pas tr\u00e8s enthousiasmante&#8230; Nous arr\u00eatons l\u00e0 pour aujourd&rsquo;hui et sommes dehors vers 19 h00, il fait encore jour&#8230;<\/p>\n<p style=\"text-align: justify;\">Au total, ces diverticules ajoutent 455 m au d\u00e9veloppement de la cavit\u00e9 qui s&rsquo;\u00e9tablit \u00e0 7635 m.<\/p>\n<p style=\"text-align: right;\"><em>Patrick<\/em><\/p>\n<p style=\"text-align: left;\"><em>Participants : V. Blanchard, P. et S. Degouve, G. Simonnot, Th. Braccini<\/em><\/p>\n","protected":false},"excerpt":{"rendered":"<p>Lundi 29 septembre 2014 : Nous entrons dans la cavit\u00e9 vers 10 h du matin. Vincent et Thomas qui terminent un petit s\u00e9jour en Cantabria sont de la partie. Nous allons directement au fond de la galerie de Pedrito o\u00f9 nous avions rep\u00e9r\u00e9 une escalade. Au passage nous r\u00e9\u00e9quipons un ressaut et r\u00e9cup\u00e9rons un peu [&hellip;]<\/p>\n","protected":false},"author":1,"featured_media":0,"comment_status":"open","ping_status":"open","sticky":false,"template":"","format":"standard","meta":[],"categories":[4],"tags":[],"_links":{"self":[{"href":"https:\/\/karstexplo.fr\/blog\/index.php?rest_route=\/wp\/v2\/posts\/513"}],"collection":[{"href":"https:\/\/karstexplo.fr\/blog\/index.php?rest_route=\/wp\/v2\/posts"}],"about":[{"href":"https:\/\/karstexplo.fr\/blog\/index.php?rest_route=\/wp\/v2\/types\/post"}],"author":[{"embeddable":true,"href":"https:\/\/karstexplo.fr\/blog\/index.php?rest_route=\/wp\/v2\/users\/1"}],"replies":[{"embeddable":true,"href":"https:\/\/karstexplo.fr\/blog\/index.php?rest_route=%2Fwp%2Fv2%2Fcomments&post=513"}],"version-history":[{"count":4,"href":"https:\/\/karstexplo.fr\/blog\/index.php?rest_route=\/wp\/v2\/posts\/513\/revisions"}],"predecessor-version":[{"id":518,"href":"https:\/\/karstexplo.fr\/blog\/index.php?rest_route=\/wp\/v2\/posts\/513\/revisions\/518"}],"wp:attachment":[{"href":"https:\/\/karstexplo.fr\/blog\/index.php?rest_route=%2Fwp%2Fv2%2Fmedia&parent=513"}],"wp:term":[{"taxonomy":"category","embeddable":true,"href":"https:\/\/karstexplo.fr\/blog\/index.php?rest_route=%2Fwp%2Fv2%2Fcategories&post=513"},{"taxonomy":"post_tag","embeddable":true,"href":"https:\/\/karstexplo.fr\/blog\/index.php?rest_route=%2Fwp%2Fv2%2Ftags&post=513"}],"curies":[{"name":"wp","href":"https:\/\/api.w.org\/{rel}","templated":true}]}}