{"id":525,"date":"2014-11-04T10:34:45","date_gmt":"2014-11-04T09:34:45","guid":{"rendered":"http:\/\/karstexplo.fr\/blog\/?p=525"},"modified":"2014-11-04T14:15:02","modified_gmt":"2014-11-04T13:15:02","slug":"chasse-aux-courants-dair-dans-le-cubillo-fraile","status":"publish","type":"post","link":"https:\/\/karstexplo.fr\/blog\/?p=525","title":{"rendered":"Chasse aux courants d&rsquo;air dans le Cubillo Fraile et \u00e0 l&rsquo;hoyo de Llaneces"},"content":{"rendered":"<p style=\"text-align: justify;\"><strong>Samedi 13 septembre 2014 : Cubillo Fraile<br \/>\n<\/strong><\/p>\n<p style=\"text-align: justify;\">Participants : G. Aranzabal, P. et S. Degouve, G. Simonnot<\/p>\n<p style=\"text-align: justify;\">La s\u00e9cheresse s\u00e9vit en Cantabria et les niveaux sont au plus bas, mais aujourd\u2019hui, des orages sont pr\u00e9vus. C\u2019est donc le temps id\u00e9al pour chasser les courants d\u2019air. Lorsque nous entrons dans la torca, celui-ci est d\u00e9j\u00e0 tr\u00e8s fort. La descente jusqu\u2019\u00e0 la galerie de la D\u00e9dicace est rapide et nous appr\u00e9cions les derniers am\u00e9nagements op\u00e9r\u00e9s dans les puits \u00e9troits.<\/p>\n<p style=\"text-align: justify;\">Nous commen\u00e7ons par retourner dans la galerie de droite, en amont du puits. Mais au lieu de suivre le conduit dans sa partie sup\u00e9rieure, nous restons sur le c\u00f4t\u00e9 droit de la galerie, au bas du chaos de blocs. Le courant d\u2019air tr\u00e8s net nous dirige vers un conduit bas et large se d\u00e9veloppant dans une strate gr\u00e9seuse et se d\u00e9calant l\u00e9g\u00e8rement vers le nord. Rapidement nous tombons sur un ressaut bord\u00e9 d\u2019\u00e9normes blocs mena\u00e7ants. Au bas, dans une petite tr\u00e9mie verticale nous retrouvons le courant d\u2019air. Cette tr\u00e9mie correspond en fait au niveau gr\u00e9seux que nous traversons. Les blocs ne sont pas tr\u00e8s stables et le passage m\u00e9riterait quelques am\u00e9nagements. Quatre m\u00e8tres plus bas, nous recoupons une jolie galerie creus\u00e9e dans les calcaires. Tout le courant d\u2019air vient de l\u2019ouest (amont ?) et c\u2019est donc dans cette direction que nous poursuivons. Le conduit (2 m x 4 m) est assez argileux et au bout d\u2019une cinquantaine de m\u00e8tres, un premier ressaut se pr\u00e9sente (4 m) puis, la pente s\u2019accentue et le conduit plonge dans un puits dont la base est occup\u00e9e par un plan d\u2019eau. Sandrine commence l\u2019\u00e9quipement et se retrouve 20 m plus bas sur un petit talus d\u2019argile. La suite est visiblement de l\u2019autre c\u00f4t\u00e9 du lac mais il faut nager et cela ne tente personne. Ici le courant d\u2019air reste tr\u00e8s marqu\u00e9.<\/p>\n<div id=\"attachment_526\" style=\"width: 306px\" class=\"wp-caption aligncenter\"><a href=\"https:\/\/karstexplo.fr\/blog\/wp-content\/uploads\/2014\/11\/CubilloFraile13-9-2014.jpg\"><img aria-describedby=\"caption-attachment-526\" decoding=\"async\" loading=\"lazy\" class=\"size-medium wp-image-526\" alt=\"La galerie de la D\u00e9dicace\" src=\"https:\/\/karstexplo.fr\/blog\/wp-content\/uploads\/2014\/11\/CubilloFraile13-9-2014-296x400.jpg\" width=\"296\" height=\"400\" srcset=\"https:\/\/karstexplo.fr\/blog\/wp-content\/uploads\/2014\/11\/CubilloFraile13-9-2014-296x400.jpg 296w, https:\/\/karstexplo.fr\/blog\/wp-content\/uploads\/2014\/11\/CubilloFraile13-9-2014-759x1024.jpg 759w, https:\/\/karstexplo.fr\/blog\/wp-content\/uploads\/2014\/11\/CubilloFraile13-9-2014.jpg 800w\" sizes=\"(max-width: 296px) 100vw, 296px\" \/><\/a><p id=\"caption-attachment-526\" class=\"wp-caption-text\">La galerie de la D\u00e9dicace<\/p><\/div>\n<p style=\"text-align: justify;\">Nous nous dirigeons ensuite vers l\u2019aval de la galerie qui aspire une bonne partie du courant d\u2019air. Apr\u00e8s un petit puits de 5 m\u00e8tres, la galerie se d\u00e9double. A droite, un boyau recoupe un ruisselet qui se perd dans une diaclase tr\u00e8s \u00e9troite au bout d\u2019une quinzaine de m\u00e8tres. A gauche, la galerie rejoint une diaclase qui remonte sous le niveau de gr\u00e8s travers\u00e9 pr\u00e9c\u00e9demment. In\u00e9vitablement lorsque nous atteignons celui-ci, une tr\u00e9mie se pr\u00e9sente, bloquant compl\u00e8tement la suite. A l\u2019autre extr\u00e9mit\u00e9 de la diaclase, au sommet d\u2019une courte escalade, nous explorons quelques diverticules sans suite \u00e9vidente. Nous retournons dans la galerie de la Mur\u00e8ne pour essayer de continuer la partie sup\u00e9rieure. L\u2019extr\u00e9mit\u00e9 de celle-ci s\u2019arr\u00eate rapidement sur des boyaux qui rejoignent la galerie de la D\u00e9dicace. En revanche, sur la droite, un court m\u00e9andre rejoint la base d\u2019une belle chemin\u00e9e que Gotzon escalade sur une dizaine de m\u00e8tres. Cela continue \u00e0 monter sur au moins 20 m.<br \/>\nRevenus dans la galerie de la D\u00e9dicace, nous allons voir un d\u00e9part en hauteur communiquant avec une belle chemin\u00e9e de pr\u00e8s de 50 m de hauteur d\u2019apr\u00e8s le DistoX. En bas, celle-ci se prolonge par un P.20 qui reste \u00e0 explorer, mais il est difficile de savoir s\u2019il y a du courant d\u2019air. Avant de ressortir nous retournons voir la chemin\u00e9e au terminus de la galerie de la D\u00e9dicace. L\u2019escalade de celle-ci, au moins sur les 25 premiers m\u00e8tres, semble plus facile. Nous ressortons en fin d\u2019apr\u00e8s-midi apr\u00e8s 7 heures d\u2019explo (445 m de premi\u00e8res).<\/p>\n<p style=\"text-align: justify;\"><strong>Lundi 15 septembre 2014 : Hoyo de Llaneces<\/strong><\/p>\n<p style=\"text-align: justify;\">Participants :\u00a0 P. et S. Degouve, G. Simonnot<\/p>\n<p style=\"text-align: justify;\">L&rsquo;hoyo de Llaneces est la cavit\u00e9 id\u00e9ale lorsque la m\u00e9t\u00e9o est \u00e0 la pluie. Proche de la route et peu sensible aux intemp\u00e9ries, ce gouffre se terminait sur un boyau \u00e9troit mais parcouru par un bon courant d&rsquo;air. Celui-ci, th\u00e9\u00e2tre de nombreuses d\u00e9sobstructions, avait \u00e9t\u00e9 enfin franchi \u00e0 la fin de l&rsquo;\u00e9t\u00e9 par Sandrine qui avait fait une courte reconnaissance derri\u00e8re. \u00c9tant la seule \u00e0 pouvoir passer, il fallait agrandir un peu avant de poursuivre l&rsquo;exploration. Nous n&#8217;emportons que 3 batteries et elles seront bien suffisante pour rendre le passage praticable. Derri\u00e8re, nous retrouvons un m\u00e9andre plus confortable qui rejoint une petite salle occup\u00e9e par un \u00e9pais remplissage. Sur la droite, nous parcourons un m\u00e9andre sinueux sur une trentaine de m\u00e8tres. Mais celui-ci, sans air, bute sur un colmatage int\u00e9grale. La suite est \u00e0 gauche, au sommet d&rsquo;une \u00e9troite diaclase qu&rsquo;il nous faut agrandir. Nous progressons de quelques m\u00e8tres au sommet de celle-ci, mais cela devient tr\u00e8s \u00e9troit. (D\u00e9veloppement topographi\u00e9 : 135 m).<\/p>\n<div id=\"attachment_529\" style=\"width: 276px\" class=\"wp-caption aligncenter\"><a href=\"https:\/\/karstexplo.fr\/blog\/wp-content\/uploads\/2014\/11\/Llaneces09-2014-1.jpg\"><img aria-describedby=\"caption-attachment-529\" decoding=\"async\" loading=\"lazy\" class=\"size-medium wp-image-529\" alt=\"Le m\u00e9andre colmat\u00e9 derri\u00e8re l'\u00e9troiture de -98 m\" src=\"https:\/\/karstexplo.fr\/blog\/wp-content\/uploads\/2014\/11\/Llaneces09-2014-1-266x400.jpg\" width=\"266\" height=\"400\" srcset=\"https:\/\/karstexplo.fr\/blog\/wp-content\/uploads\/2014\/11\/Llaneces09-2014-1-266x400.jpg 266w, https:\/\/karstexplo.fr\/blog\/wp-content\/uploads\/2014\/11\/Llaneces09-2014-1-682x1024.jpg 682w, https:\/\/karstexplo.fr\/blog\/wp-content\/uploads\/2014\/11\/Llaneces09-2014-1.jpg 800w\" sizes=\"(max-width: 266px) 100vw, 266px\" \/><\/a><p id=\"caption-attachment-529\" class=\"wp-caption-text\">Le m\u00e9andre colmat\u00e9 derri\u00e8re l&rsquo;\u00e9troiture de -98 m<\/p><\/div>\n<p style=\"text-align: right;\"><em>C.R. P.\u00a0 Degouve et G. Simonnot<\/em><\/p>\n","protected":false},"excerpt":{"rendered":"<p>Samedi 13 septembre 2014 : Cubillo Fraile Participants : G. Aranzabal, P. et S. Degouve, G. Simonnot La s\u00e9cheresse s\u00e9vit en Cantabria et les niveaux sont au plus bas, mais aujourd\u2019hui, des orages sont pr\u00e9vus. C\u2019est donc le temps id\u00e9al pour chasser les courants d\u2019air. Lorsque nous entrons dans la torca, celui-ci est d\u00e9j\u00e0 tr\u00e8s [&hellip;]<\/p>\n","protected":false},"author":1,"featured_media":0,"comment_status":"open","ping_status":"open","sticky":false,"template":"","format":"standard","meta":[],"categories":[4],"tags":[],"_links":{"self":[{"href":"https:\/\/karstexplo.fr\/blog\/index.php?rest_route=\/wp\/v2\/posts\/525"}],"collection":[{"href":"https:\/\/karstexplo.fr\/blog\/index.php?rest_route=\/wp\/v2\/posts"}],"about":[{"href":"https:\/\/karstexplo.fr\/blog\/index.php?rest_route=\/wp\/v2\/types\/post"}],"author":[{"embeddable":true,"href":"https:\/\/karstexplo.fr\/blog\/index.php?rest_route=\/wp\/v2\/users\/1"}],"replies":[{"embeddable":true,"href":"https:\/\/karstexplo.fr\/blog\/index.php?rest_route=%2Fwp%2Fv2%2Fcomments&post=525"}],"version-history":[{"count":4,"href":"https:\/\/karstexplo.fr\/blog\/index.php?rest_route=\/wp\/v2\/posts\/525\/revisions"}],"predecessor-version":[{"id":528,"href":"https:\/\/karstexplo.fr\/blog\/index.php?rest_route=\/wp\/v2\/posts\/525\/revisions\/528"}],"wp:attachment":[{"href":"https:\/\/karstexplo.fr\/blog\/index.php?rest_route=%2Fwp%2Fv2%2Fmedia&parent=525"}],"wp:term":[{"taxonomy":"category","embeddable":true,"href":"https:\/\/karstexplo.fr\/blog\/index.php?rest_route=%2Fwp%2Fv2%2Fcategories&post=525"},{"taxonomy":"post_tag","embeddable":true,"href":"https:\/\/karstexplo.fr\/blog\/index.php?rest_route=%2Fwp%2Fv2%2Ftags&post=525"}],"curies":[{"name":"wp","href":"https:\/\/api.w.org\/{rel}","templated":true}]}}