{"id":531,"date":"2014-11-04T13:58:08","date_gmt":"2014-11-04T12:58:08","guid":{"rendered":"http:\/\/karstexplo.fr\/blog\/?p=531"},"modified":"2014-11-04T13:58:08","modified_gmt":"2014-11-04T12:58:08","slug":"tierce-gagnant","status":"publish","type":"post","link":"https:\/\/karstexplo.fr\/blog\/?p=531","title":{"rendered":"Tierc\u00e9 gagnant&#8230;"},"content":{"rendered":"<p style=\"text-align: justify;\"><em>L&rsquo;\u00e9t\u00e9 indien aura tenu jusqu&rsquo;aux premiers jours de novembre et nous ne pouvions pas faire autrement que d&rsquo;en profiter au maximum. Il faut dire qu&rsquo;apr\u00e8s un \u00e9t\u00e9 besogneux durant lequel les chantiers de d\u00e9sobstruction se son globalement bien termin\u00e9s, nous avions du pain sur la planche et largement de quoi occuper ces deux semaines en Cantabria.\u00a0 Nos explorations se sont donc polaris\u00e9es sur trois cavit\u00e9s. Les deux premi\u00e8res (Cubillo Fraile et Cueva d&rsquo;Helguera) font partie du syst\u00e8me de la Gandara, la troisi\u00e8me (cueva de Carcab\u00f3n) s&rsquo;ouvre pr\u00e8s de Ramales, raison pour laquelle l&rsquo;explo s&rsquo;est faite avec nos amis de l&rsquo;AER.<\/em><\/p>\n<ul>\n<li>\n<h3>Cubillo Fraile :<\/h3>\n<\/li>\n<\/ul>\n<p><strong><em>Dimanche 19 octobre 2014 <\/em><\/strong><em>(P. et S. Degouve)<\/em><strong><em> :<\/em><\/strong><\/p>\n<p style=\"text-align: justify;\">Avant de poursuivre l&rsquo;exploration <a href=\"https:\/\/karstexplo.fr\/blog\/?p=525\" target=\"_blank\">(voir c.r. du 13\/09)<\/a> nous pr\u00e9f\u00e9rons voir comment se pr\u00e9sente la suite derri\u00e8re le lac car inutile d&#8217;emporter tous une n\u00e9opr\u00e8ne si la baignade se limite \u00e0 ce seul bassin.<\/p>\n<p style=\"text-align: justify;\">Comme la m\u00e9t\u00e9o se maintient au grand beau temps avec des temp\u00e9ratures estivales, le courant d&rsquo;air \u00e0 l&rsquo;entr\u00e9e est d&rsquo;une rare violence. Dans la galerie des Sans Dents, il reste tr\u00e8s fort. Pendant que Sandrine \u00e9quipe le puits, j&rsquo;enfile ma n\u00e9opr\u00e8ne pour traverser le bassin.<\/p>\n<div id=\"attachment_546\" style=\"width: 296px\" class=\"wp-caption aligncenter\"><a href=\"https:\/\/karstexplo.fr\/blog\/wp-content\/uploads\/2014\/11\/CubilloFraile21-10-2014-51.jpg\"><img aria-describedby=\"caption-attachment-546\" decoding=\"async\" loading=\"lazy\" class=\"size-medium wp-image-546\" alt=\"Le conduit des Sans Dents et, en arri\u00e8re plan le puits donnant sur le la, gras et glissant...\" src=\"https:\/\/karstexplo.fr\/blog\/wp-content\/uploads\/2014\/11\/CubilloFraile21-10-2014-51-286x400.jpg\" width=\"286\" height=\"400\" srcset=\"https:\/\/karstexplo.fr\/blog\/wp-content\/uploads\/2014\/11\/CubilloFraile21-10-2014-51-286x400.jpg 286w, https:\/\/karstexplo.fr\/blog\/wp-content\/uploads\/2014\/11\/CubilloFraile21-10-2014-51-734x1024.jpg 734w, https:\/\/karstexplo.fr\/blog\/wp-content\/uploads\/2014\/11\/CubilloFraile21-10-2014-51.jpg 800w\" sizes=\"(max-width: 286px) 100vw, 286px\" \/><\/a><p id=\"caption-attachment-546\" class=\"wp-caption-text\">Le conduit des Sans Dents et, en arri\u00e8re plan le puits de 25 m donnant sur le lac, gras et glissant&#8230;<\/p><\/div>\n<p style=\"text-align: justify;\">Celui-ci est assez profond et semble m\u00eame se poursuivre par un conduit noy\u00e9. Vingt m\u00e8tres plus loin, je prends pied dans un m\u00e9andre argileux haut d&rsquo;une dizaine de m\u00e8tres et large de moins d&rsquo;un m\u00e8tre en moyenne. Nous sommes bien loin du collecteur attendu et pourtant si proche. Je progresse ainsi sur plus de 100 m jusqu&rsquo;\u00e0 une confluence. La galerie de droite am\u00e8ne la majeure partie du courant d&rsquo;air, mais elle devient plus \u00e9troite. Du coup, la n\u00e9opr\u00e8ne n&rsquo;a plus de raison d&rsquo;\u00eatre port\u00e9e et elle constitue m\u00eame une g\u00eane pour la suite. Revenu au puits il ne me reste plus qu&rsquo;\u00e0 \u00e9quiper une longue travers\u00e9e pour \u00e9viter le plan d&rsquo;eau. Heureusement, une corde pos\u00e9e en t\u00e9l\u00e9ph\u00e9rique depuis le dernier fractionnement permet de progresser le long de la paroi couverte d&rsquo;argile et d\u00e9pourvue de prises. Cela reste quand m\u00eame tr\u00e8s sportif et je ne suis pas m\u00e9content d&rsquo;arriver au bout de mon stock d&rsquo;amarrage. Il restera seulement 3 points \u00e0 mettre et \u00e7a attendra la prochaine fois.<\/p>\n<p style=\"text-align: justify;\"><em><strong>Mardi 21 octobre 2014<\/strong> (D. Boibessot, P. Degouve, S. Latapie, Ch. Philippe) :<br \/>\n<\/em><\/p>\n<p style=\"text-align: justify;\">Serge est arriv\u00e9 la veille, aussi nous pouvons aller tous ensemble au Cubillo. La descente est rapide jusqu&rsquo;\u00e0 la galerie des Sans Dents. Patrick poursuit l&rsquo;\u00e9quipement du puits afin d&rsquo;\u00e9viter le lac. C&rsquo;est toujours aussi boueux et la travers\u00e9e reste assez technique. Une fois tous de l&rsquo;autre c\u00f4t\u00e9, nous d\u00e9marrons l&rsquo;explo en faisant suivre la topo. Le m\u00e9andre n&rsquo;en finit pas et les petites vis\u00e9es s&rsquo;encha\u00eenent jusqu&rsquo;\u00e0 la premi\u00e8re bifurcation. La suite demeure au fond du m\u00e9andre qui se r\u00e9tr\u00e9cit progressivement. En contrepartie, c&rsquo;est un peu moins argileux.<\/p>\n<div id=\"attachment_544\" style=\"width: 276px\" class=\"wp-caption aligncenter\"><a href=\"https:\/\/karstexplo.fr\/blog\/wp-content\/uploads\/2014\/11\/CubilloFraile21-10-2014-4.jpg\"><img aria-describedby=\"caption-attachment-544\" decoding=\"async\" loading=\"lazy\" class=\"size-medium wp-image-544\" alt=\"Le m\u00e9andre du Chamignon doit son nom \u00e0 cette curieuse &quot;chemin\u00e9e de f\u00e9e&quot;.\" src=\"https:\/\/karstexplo.fr\/blog\/wp-content\/uploads\/2014\/11\/CubilloFraile21-10-2014-4-266x400.jpg\" width=\"266\" height=\"400\" srcset=\"https:\/\/karstexplo.fr\/blog\/wp-content\/uploads\/2014\/11\/CubilloFraile21-10-2014-4-266x400.jpg 266w, https:\/\/karstexplo.fr\/blog\/wp-content\/uploads\/2014\/11\/CubilloFraile21-10-2014-4-682x1024.jpg 682w, https:\/\/karstexplo.fr\/blog\/wp-content\/uploads\/2014\/11\/CubilloFraile21-10-2014-4.jpg 800w\" sizes=\"(max-width: 266px) 100vw, 266px\" \/><\/a><p id=\"caption-attachment-544\" class=\"wp-caption-text\">Le m\u00e9andre du Chamignon doit son nom \u00e0 cette curieuse \u00ab\u00a0chemin\u00e9e de f\u00e9e\u00a0\u00bb.<\/p><\/div>\n<p style=\"text-align: justify;\">Environ cent m\u00e8tres apr\u00e8s le croisement, la morphologie change et apr\u00e8s avoir franchi un ancien siphon qui concentre tout le courant d&rsquo;air, nous nous relevons dans un conduit bien plus grand. Nous en profitons pour casser la cro\u00fbte mais rapidement car il ne fait pas tr\u00e8s chaud. Nous reprenons l&rsquo;explo au rythme de la topo, mais les parois ne tardent pas \u00e0 se rapprocher et nous voici de nouveau dans un m\u00e9andre que nous parcourons cette-fois-ci en hauteur. Cela n&rsquo;arr\u00eate pas de tourner et nous avons bien du mal \u00e0 savoir o\u00f9 nous nous dirigeons m\u00eame si la tendance de certaines vis\u00e9es semble nous d\u00e9caler vers le nord.<\/p>\n<div id=\"attachment_543\" style=\"width: 276px\" class=\"wp-caption aligncenter\"><a href=\"https:\/\/karstexplo.fr\/blog\/wp-content\/uploads\/2014\/11\/CubilloFraile21-10-2014-3.jpg\"><img aria-describedby=\"caption-attachment-543\" decoding=\"async\" loading=\"lazy\" class=\"size-medium wp-image-543\" alt=\"A mi parcours, la vo\u00fbte s'abaisse brutalement au niveau d'un ancien siphon qui concentre tout le courant d'air.\" src=\"https:\/\/karstexplo.fr\/blog\/wp-content\/uploads\/2014\/11\/CubilloFraile21-10-2014-3-266x400.jpg\" width=\"266\" height=\"400\" srcset=\"https:\/\/karstexplo.fr\/blog\/wp-content\/uploads\/2014\/11\/CubilloFraile21-10-2014-3-266x400.jpg 266w, https:\/\/karstexplo.fr\/blog\/wp-content\/uploads\/2014\/11\/CubilloFraile21-10-2014-3-682x1024.jpg 682w, https:\/\/karstexplo.fr\/blog\/wp-content\/uploads\/2014\/11\/CubilloFraile21-10-2014-3.jpg 800w\" sizes=\"(max-width: 266px) 100vw, 266px\" \/><\/a><p id=\"caption-attachment-543\" class=\"wp-caption-text\">A mi parcours, la vo\u00fbte s&rsquo;abaisse brutalement au niveau d&rsquo;un ancien siphon qui concentre tout le courant d&rsquo;air.<\/p><\/div>\n<p style=\"text-align: justify;\">Nous progressons ainsi sur plusieurs centaines de m\u00e8tres jusqu&rsquo;\u00e0 ce qu&rsquo;une belle r\u00e9sonance nous indique que nous nous approchons d&rsquo;un vide plus grand. Comme nous le supposions nous parvenons \u00e0 une\u00a0 base de puits dont la vo\u00fbte semble \u00eatre sup\u00e9rieure \u00e0 50 m. Mais \u00e0 une\u00a0 vingtaine de m\u00e8tres, un grand redan pourrait correspondre \u00e0 l&rsquo;arriv\u00e9e d&rsquo;une galerie. Alors Serge tente une escalade, mais nous manquons cruellement de mat\u00e9riel et de corde. Il s&rsquo;arr\u00eate sur un palier \u00e0 une dizaine de m\u00e8tres de l&rsquo;objectif. Nous abandonnons pr\u00e9f\u00e9rant attendre le report topo pour savoir exactement o\u00f9 nous sommes. Le retour para\u00eet bien long et ce sont un peu plus de 600 m de m\u00e9andre que nous venons d&rsquo;explorer. Pour ne rien laisser, nous topographions \u00e9galement l&rsquo;affluent de la P\u00e9tanque jusqu&rsquo;\u00e0 la base d&rsquo;une petite cascade.<\/p>\n<div id=\"attachment_542\" style=\"width: 276px\" class=\"wp-caption aligncenter\"><a href=\"https:\/\/karstexplo.fr\/blog\/wp-content\/uploads\/2014\/11\/CubilloFraile21-10-2014-1.jpg\"><img aria-describedby=\"caption-attachment-542\" decoding=\"async\" loading=\"lazy\" class=\"size-medium wp-image-542\" alt=\"A la base du P.50 qui termine le m\u00e9andre du Champignon.\" src=\"https:\/\/karstexplo.fr\/blog\/wp-content\/uploads\/2014\/11\/CubilloFraile21-10-2014-1-266x400.jpg\" width=\"266\" height=\"400\" srcset=\"https:\/\/karstexplo.fr\/blog\/wp-content\/uploads\/2014\/11\/CubilloFraile21-10-2014-1-266x400.jpg 266w, https:\/\/karstexplo.fr\/blog\/wp-content\/uploads\/2014\/11\/CubilloFraile21-10-2014-1-682x1024.jpg 682w, https:\/\/karstexplo.fr\/blog\/wp-content\/uploads\/2014\/11\/CubilloFraile21-10-2014-1.jpg 800w\" sizes=\"(max-width: 266px) 100vw, 266px\" \/><\/a><p id=\"caption-attachment-542\" class=\"wp-caption-text\">A la base du P.50 qui termine le m\u00e9andre du Champignon.<\/p><\/div>\n<p style=\"text-align: justify;\">Au puits, Christophe d\u00e9s\u00e9quipe une partie de la main courante et le reste des verticales. Le mat\u00e9riel est couvert d&rsquo;argile et nous aussi, c&rsquo;est pourquoi nous en ressortons une grande partie car elle serait inutilisable en l&rsquo;\u00e9tat. La remont\u00e9e du Cubillo reste p\u00e9nible et chacun se plait \u00e0 imaginer ce que cela serait avec des sacs de bivouac. Sortie \u00e0 la tomb\u00e9e de la nuit. Le d\u00e9veloppement du Cubillo passe \u00e0 1920 m (-141 m).<\/p>\n<ul>\n<li>\n<h3 style=\"text-align: justify;\">Cueva Helguera<\/h3>\n<\/li>\n<\/ul>\n<p style=\"text-align: justify;\"><em><strong>Lundi 20 octobre 2014<\/strong> (D. Boibessot, P. et S. Degouve, J. Palissot, Ch. Philippe) :<\/em><\/p>\n<p style=\"text-align: justify;\">L&rsquo;\u00e9quipe s&rsquo;est bien renforc\u00e9e et pour d\u00e9marrer en douceur, nous montons \u00e0 Helguera afin continuer la d\u00e9sobstruction de l&rsquo;extr\u00e9mit\u00e9 de la galerie Dogora. Le courant d&rsquo;air est tr\u00e8s fort et il provient principalement des deux passages rep\u00e9r\u00e9s la fois pr\u00e9c\u00e9dente. Le premier, au-dessus du ressaut de 5 m est un soupirail donnant sur un boyau inclin\u00e9 qui s&rsquo;agrandit \u00e0 quelques m\u00e8tres. Le second, au bas du ressaut, est une diaclase \u00e9troite mais qui para\u00eet plus large et surtout plus profonde. Dans le doute, nous attaquons les deux chantiers de front. Cela avance bien et finalement, c&rsquo;est en bas que nous concentrons nos efforts. En fin de journ\u00e9e, un passage confortable est ouvert. Christophe descend de quelques m\u00e8tres avec le peu de corde dont nous disposons. Il entrevoit le fond \u00e0 moins d&rsquo;une dizaine de m\u00e8tres ; c&rsquo;est plus large mais un peu chaotique et surtout la suite est surplombante donc difficilement franchissable sans mat\u00e9riel.<\/p>\n<div id=\"attachment_553\" style=\"width: 410px\" class=\"wp-caption aligncenter\"><a href=\"https:\/\/karstexplo.fr\/blog\/wp-content\/uploads\/2014\/11\/Helguera20-10-2014-4.jpg\"><img aria-describedby=\"caption-attachment-553\" decoding=\"async\" loading=\"lazy\" class=\"size-medium wp-image-553\" alt=\"Le bunker, pour \u00eatre au plus pr\u00e8s du front lorsque \u00e7a barde !\" src=\"https:\/\/karstexplo.fr\/blog\/wp-content\/uploads\/2014\/11\/Helguera20-10-2014-4-400x266.jpg\" width=\"400\" height=\"266\" srcset=\"https:\/\/karstexplo.fr\/blog\/wp-content\/uploads\/2014\/11\/Helguera20-10-2014-4-400x266.jpg 400w, https:\/\/karstexplo.fr\/blog\/wp-content\/uploads\/2014\/11\/Helguera20-10-2014-4-1024x682.jpg 1024w, https:\/\/karstexplo.fr\/blog\/wp-content\/uploads\/2014\/11\/Helguera20-10-2014-4.jpg 1200w\" sizes=\"(max-width: 400px) 100vw, 400px\" \/><\/a><p id=\"caption-attachment-553\" class=\"wp-caption-text\">Le bunker, pour \u00eatre au plus pr\u00e8s du front lorsque \u00e7a barde !<\/p><\/div>\n<p style=\"text-align: justify;\"><em><strong>Jeudi 23 octobre 2014<\/strong> (D. Boibessot, P. et S. Degouve, S. Latapie,\u00a0 J. Palissot, Ch. Philippe) :<\/em><\/p>\n<p style=\"text-align: justify;\">Nous retournons \u00e0 Helguera pour descendre le puits ouvert deux jours plus t\u00f4t \u00e0 l&rsquo;extr\u00e9mit\u00e9 de la galerie Dogora. Christophe commence \u00e0 \u00e9quiper un premier puits de 12 m qui nous am\u00e8ne sur un replat \u00e9bouleux encadr\u00e9 par deux puits. Pendant qu&rsquo;il descend l&rsquo;un d&rsquo;eux, nous \u00e9quipons une rampe inclin\u00e9e menant, apr\u00e8s un passage bas, \u00e0 un niveau de galerie. Cela semble plus int\u00e9ressant et nous laissons tomber pour le moment le puits vu par Christophe. Ici, le courant d&rsquo;air est bien pr\u00e9sent, mais la suite est assez compliqu\u00e9e. Dans l&rsquo;axe de la galerie principale, nous rampons entre de grandes dalles effondr\u00e9es sur une trentaine de m\u00e8tres, jusqu&rsquo;\u00e0 des boyaux quasiment imp\u00e9n\u00e9trables. Juste avant, nous descendons un petit puits de 5 m creus\u00e9 dans un impressionnant remplissage. Celui-ci est plut\u00f4t de mauvaise augure pour la suite. Pendant que Serge descend une seconde verticale de\u00a0 17 m sans suite, les autres fouillent le secteur sans trouver grand-chose.<\/p>\n<div id=\"attachment_555\" style=\"width: 276px\" class=\"wp-caption aligncenter\"><a href=\"https:\/\/karstexplo.fr\/blog\/wp-content\/uploads\/2014\/11\/Helguera23-10-2014-4.jpg\"><img aria-describedby=\"caption-attachment-555\" decoding=\"async\" loading=\"lazy\" class=\"size-medium wp-image-555\" alt=\"Au bas du premier puits, un \u00e9pais remplissage a \u00e9t\u00e9 surcreus\u00e9.\" src=\"https:\/\/karstexplo.fr\/blog\/wp-content\/uploads\/2014\/11\/Helguera23-10-2014-4-266x400.jpg\" width=\"266\" height=\"400\" srcset=\"https:\/\/karstexplo.fr\/blog\/wp-content\/uploads\/2014\/11\/Helguera23-10-2014-4-266x400.jpg 266w, https:\/\/karstexplo.fr\/blog\/wp-content\/uploads\/2014\/11\/Helguera23-10-2014-4-682x1024.jpg 682w, https:\/\/karstexplo.fr\/blog\/wp-content\/uploads\/2014\/11\/Helguera23-10-2014-4.jpg 800w\" sizes=\"(max-width: 266px) 100vw, 266px\" \/><\/a><p id=\"caption-attachment-555\" class=\"wp-caption-text\">Au bas du premier puits, un \u00e9pais remplissage a \u00e9t\u00e9 surcreus\u00e9.<\/p><\/div>\n<div id=\"attachment_554\" style=\"width: 276px\" class=\"wp-caption aligncenter\"><a href=\"https:\/\/karstexplo.fr\/blog\/wp-content\/uploads\/2014\/11\/Helguera23-10-2014-1.jpg\"><img aria-describedby=\"caption-attachment-554\" decoding=\"async\" loading=\"lazy\" class=\"size-medium wp-image-554\" alt=\"Dans ce remplissage tr\u00e8s grossier, on distingue de gros galets de gr\u00e8s.\" src=\"https:\/\/karstexplo.fr\/blog\/wp-content\/uploads\/2014\/11\/Helguera23-10-2014-1-266x400.jpg\" width=\"266\" height=\"400\" srcset=\"https:\/\/karstexplo.fr\/blog\/wp-content\/uploads\/2014\/11\/Helguera23-10-2014-1-266x400.jpg 266w, https:\/\/karstexplo.fr\/blog\/wp-content\/uploads\/2014\/11\/Helguera23-10-2014-1-682x1024.jpg 682w, https:\/\/karstexplo.fr\/blog\/wp-content\/uploads\/2014\/11\/Helguera23-10-2014-1.jpg 800w\" sizes=\"(max-width: 266px) 100vw, 266px\" \/><\/a><p id=\"caption-attachment-554\" class=\"wp-caption-text\">Dans ce remplissage tr\u00e8s grossier, on distingue de gros galets de gr\u00e8s.<\/p><\/div>\n<p style=\"text-align: justify;\">Il nous reste cependant une belle fracture \u00e0 voir de l&rsquo;autre c\u00f4t\u00e9 de la galerie, juste au bas de la rampe. Celle-ci semble assez profonde et beaucoup d&rsquo;air en sort. Sandrine commence \u00e0 l&rsquo;\u00e9quiper mais la corde disponible est un peu trop courte. En raboutant un ultime bout de 10 m, elle parvient \u00e0 faire un \u00e9quipement de fortune. Nous nous retrouvons tous 35 m plus bas dans une belle galerie avec amont et aval.<\/p>\n<div id=\"attachment_556\" style=\"width: 276px\" class=\"wp-caption aligncenter\"><a href=\"https:\/\/karstexplo.fr\/blog\/wp-content\/uploads\/2014\/11\/Helguera23-10-2014-6.jpg\"><img aria-describedby=\"caption-attachment-556\" decoding=\"async\" loading=\"lazy\" class=\"size-medium wp-image-556\" alt=\"La base du puits de 35 m\" src=\"https:\/\/karstexplo.fr\/blog\/wp-content\/uploads\/2014\/11\/Helguera23-10-2014-6-266x400.jpg\" width=\"266\" height=\"400\" srcset=\"https:\/\/karstexplo.fr\/blog\/wp-content\/uploads\/2014\/11\/Helguera23-10-2014-6-266x400.jpg 266w, https:\/\/karstexplo.fr\/blog\/wp-content\/uploads\/2014\/11\/Helguera23-10-2014-6-682x1024.jpg 682w, https:\/\/karstexplo.fr\/blog\/wp-content\/uploads\/2014\/11\/Helguera23-10-2014-6.jpg 800w\" sizes=\"(max-width: 266px) 100vw, 266px\" \/><\/a><p id=\"caption-attachment-556\" class=\"wp-caption-text\">La base du puits de 35 m<\/p><\/div>\n<p style=\"text-align: justify;\">Nous commen\u00e7ons par l&rsquo;amont qui remonte doucement. En contrebas, un conduit parall\u00e8le glaiseux double le conduit principal. Celui-ci se d\u00e9veloppe sur un \u00e9cran gr\u00e9seux, il sera difficile de descendre plus bas. Nous progressons ainsi d&rsquo;une petite centaine de m\u00e8tres jusqu&rsquo;\u00e0 de belles coul\u00e9es stalagmitiques termin\u00e9es par une escalade estim\u00e9e \u00e0 7 ou 8 m. La suite est bien l\u00e0 car le courant d&rsquo;air est toujours tr\u00e8s sensible et surtout, le conduit semble assez vaste.<\/p>\n<div id=\"attachment_557\" style=\"width: 410px\" class=\"wp-caption aligncenter\"><a href=\"https:\/\/karstexplo.fr\/blog\/wp-content\/uploads\/2014\/11\/Helguera23-10-2014-7.jpg\"><img aria-describedby=\"caption-attachment-557\" decoding=\"async\" loading=\"lazy\" class=\"size-medium wp-image-557\" alt=\"Dans l'amont de la galerie.\" src=\"https:\/\/karstexplo.fr\/blog\/wp-content\/uploads\/2014\/11\/Helguera23-10-2014-7-400x266.jpg\" width=\"400\" height=\"266\" srcset=\"https:\/\/karstexplo.fr\/blog\/wp-content\/uploads\/2014\/11\/Helguera23-10-2014-7-400x266.jpg 400w, https:\/\/karstexplo.fr\/blog\/wp-content\/uploads\/2014\/11\/Helguera23-10-2014-7-1024x682.jpg 1024w, https:\/\/karstexplo.fr\/blog\/wp-content\/uploads\/2014\/11\/Helguera23-10-2014-7.jpg 1200w\" sizes=\"(max-width: 400px) 100vw, 400px\" \/><\/a><p id=\"caption-attachment-557\" class=\"wp-caption-text\">Dans l&rsquo;amont de la galerie.<\/p><\/div>\n<p style=\"text-align: justify;\">Apr\u00e8s avoir topographi\u00e9 un court affluent, nous filons vers l&rsquo;aval, pouss\u00e9s par le courant d&rsquo;air qui devient violent dans les passages \u00e9troits. Nous avan\u00e7ons principalement dans le niveau inf\u00e9rieur, plus petit et argileux, car le conduit principal est bouch\u00e9 ponctuellement par d&rsquo;\u00e9normes remplissages. Nous progressons encore sur plus de 160 m jusqu&rsquo;\u00e0 une petite escalade glissante. En lui faisant la courte \u00e9chelle, Dom parvient \u00e0 se hisser au-dessus de l&rsquo;obstacle et poursuit l&rsquo;exploration sur une cinquantaine de m\u00e8tres. Nous en restons l\u00e0 pour aujourd&rsquo;hui et ressortons tranquillement \u00e0 la tomb\u00e9e du jour. (d\u00e9veloppement topographi\u00e9 : 535 m)<\/p>\n<p style=\"text-align: justify;\"><em><strong>Samedi 25 octobre 2014<\/strong>\u00a0 (D. Boibessot, P. et S. Degouve,\u00a0 Ch. Philippe) :<\/em><\/p>\n<p style=\"text-align: justify;\">Derni\u00e8re sortie du s\u00e9jour \u00e0 la cueva d&rsquo;Helguera. Nous avons amen\u00e9 suffisamment de mat\u00e9riel pour r\u00e9\u00e9quiper le P.35 et assurer la suite. Nous sommes vite au terminus et pour l&rsquo;escalade,\u00a0 le plus grand en taille est d\u00e9sign\u00e9 d&rsquo;office. Apr\u00e8s un lancer de corde sur un becquet, Patrick doit cependant poser encore 4 goujons pour franchir l&rsquo;obstacle. Au sommet, la galerie change rapidement de profil et les dimensions deviennent impressionnantes mais de gros blocs font leur apparition. Le secteur est tr\u00e8s factur\u00e9 mais au plafond, on devine nettement une vo\u00fbte \u00e0 environ 30 m de hauteur. La largeur d\u00e9passe par endroit 25 m et apr\u00e8s avoir travers\u00e9s une salle, nous devons contourner plusieurs blocs cyclop\u00e9ens. Au sol les gr\u00e8s affleurent en plusieurs endroits. Une bonne centaine de m\u00e8tres apr\u00e8s l&rsquo;escalade, nous retrouvons un conduit moins chaotique qui remonte sur de glissantes coul\u00e9es stalagmitiques. Nous taillons quelques marches avec le pied de biche que nous avons pris soin de garder avec nous. Mais un peu plus loin, la coul\u00e9e devient franchement verticale et la suite se trouve une quinzaine de m\u00e8tres plus haut. Le \u00ab\u00a0grand\u00a0\u00bb est \u00e0 nouveau mis \u00e0 contribution car il semble difficile de grimper en libre.<\/p>\n<div id=\"attachment_559\" style=\"width: 276px\" class=\"wp-caption aligncenter\"><a href=\"https:\/\/karstexplo.fr\/blog\/wp-content\/uploads\/2014\/11\/Helguera25-10-2014-2.jpg\"><img aria-describedby=\"caption-attachment-559\" decoding=\"async\" loading=\"lazy\" class=\"size-medium wp-image-559\" alt=\"La seconde escalade (14 m) remonte le long d'une coul\u00e9e stalagmitique.\" src=\"https:\/\/karstexplo.fr\/blog\/wp-content\/uploads\/2014\/11\/Helguera25-10-2014-2-266x400.jpg\" width=\"266\" height=\"400\" srcset=\"https:\/\/karstexplo.fr\/blog\/wp-content\/uploads\/2014\/11\/Helguera25-10-2014-2-266x400.jpg 266w, https:\/\/karstexplo.fr\/blog\/wp-content\/uploads\/2014\/11\/Helguera25-10-2014-2-682x1024.jpg 682w, https:\/\/karstexplo.fr\/blog\/wp-content\/uploads\/2014\/11\/Helguera25-10-2014-2.jpg 800w\" sizes=\"(max-width: 266px) 100vw, 266px\" \/><\/a><p id=\"caption-attachment-559\" class=\"wp-caption-text\">La seconde escalade (14 m) remonte le long d&rsquo;une coul\u00e9e stalagmitique.<\/p><\/div>\n<p style=\"text-align: justify;\">Pour gagner un peu de terrain, Christophe taille quelques marches et c&rsquo;est reparti pour une s\u00e9rie de goujons. Dans la calcite, certains d&rsquo;entre eux battent de l&rsquo;aile, mais finalement \u00e7a passe assez facilement. Une fois tous r\u00e9unis au sommet de l&rsquo;escalade nous reprenons l&rsquo;explo au rythme de la topo. La galerie change \u00e0 nouveau d&rsquo;aspect et nous progressons d\u00e9sormais dans un canyon d&rsquo;une dizaine de m\u00e8tres de large pour pr\u00e8s de 30 m de hauteur. Le sol argileux est quasiment plat mais surcreus\u00e9 en son centre par le lit sablonneux d&rsquo;un ruisseau aujourd&rsquo;hui \u00e0 sec.<\/p>\n<div id=\"attachment_560\" style=\"width: 276px\" class=\"wp-caption aligncenter\"><a href=\"https:\/\/karstexplo.fr\/blog\/wp-content\/uploads\/2014\/11\/Helguera25-10-2014-6.jpg\"><img aria-describedby=\"caption-attachment-560\" decoding=\"async\" loading=\"lazy\" class=\"size-medium wp-image-560\" alt=\"Le beau canyon au sommet de l'escalade.\" src=\"https:\/\/karstexplo.fr\/blog\/wp-content\/uploads\/2014\/11\/Helguera25-10-2014-6-266x400.jpg\" width=\"266\" height=\"400\" srcset=\"https:\/\/karstexplo.fr\/blog\/wp-content\/uploads\/2014\/11\/Helguera25-10-2014-6-266x400.jpg 266w, https:\/\/karstexplo.fr\/blog\/wp-content\/uploads\/2014\/11\/Helguera25-10-2014-6-682x1024.jpg 682w, https:\/\/karstexplo.fr\/blog\/wp-content\/uploads\/2014\/11\/Helguera25-10-2014-6.jpg 800w\" sizes=\"(max-width: 266px) 100vw, 266px\" \/><\/a><p id=\"caption-attachment-560\" class=\"wp-caption-text\">Le beau canyon au sommet de l&rsquo;escalade.<\/p><\/div>\n<p style=\"text-align: justify;\">Au bout de 150 m, la galerie tourne \u00e0 angle droit. En face, dans l&rsquo;alignement du canyon, on distingue nettement une suite en hauteur ; encore une escalade, ce sera pour plus tard. A droite, apr\u00e8s ce brusque virage, nous rencontrons le ruisseau qui se perd dans un bassin limpide.<\/p>\n<div id=\"attachment_561\" style=\"width: 410px\" class=\"wp-caption aligncenter\"><a href=\"https:\/\/karstexplo.fr\/blog\/wp-content\/uploads\/2014\/11\/Helguera25-10-2014-7.jpg\"><img aria-describedby=\"caption-attachment-561\" decoding=\"async\" loading=\"lazy\" class=\"size-medium wp-image-561\" alt=\"Le ruisseau provenant de l'amont (env. 5 l\/s) se perd compl\u00e8tement dans ce bassin cristallin. Nous ne l'avons pas retrouv\u00e9 plus en aval.\" src=\"https:\/\/karstexplo.fr\/blog\/wp-content\/uploads\/2014\/11\/Helguera25-10-2014-7-400x266.jpg\" width=\"400\" height=\"266\" srcset=\"https:\/\/karstexplo.fr\/blog\/wp-content\/uploads\/2014\/11\/Helguera25-10-2014-7-400x266.jpg 400w, https:\/\/karstexplo.fr\/blog\/wp-content\/uploads\/2014\/11\/Helguera25-10-2014-7-1024x682.jpg 1024w, https:\/\/karstexplo.fr\/blog\/wp-content\/uploads\/2014\/11\/Helguera25-10-2014-7.jpg 1200w\" sizes=\"(max-width: 400px) 100vw, 400px\" \/><\/a><p id=\"caption-attachment-561\" class=\"wp-caption-text\">Le ruisseau provenant de l&rsquo;amont (env. 5 l\/s) se perd compl\u00e8tement dans ce bassin cristallin. Nous ne l&rsquo;avons pas retrouv\u00e9 plus en aval.<\/p><\/div>\n<p style=\"text-align: justify;\">Nous progressons encore d&rsquo;une quarantaine de m\u00e8tres jusqu&rsquo;\u00e0 un lac profond suivi d&rsquo;une vo\u00fbte basse form\u00e9e par un \u00e9cran de gr\u00e8s. Juste au-dessus, le canyon continue de fa\u00e7on ind\u00e9pendante. Par une courte escalade pour atteindre une vire argileuse, Dom et Christophe parviennent \u00e0 contourner le bassin. La suite, une fois encore, est en hauteur, au sommet d&rsquo;une grande coul\u00e9e stalagmitique. Nous n&rsquo;avons plus de mat\u00e9riel alors nous nous arr\u00eatons l\u00e0 pour aujourd&rsquo;hui. Nous fouillons un diverticule sur la droite mais celui-ci devient tr\u00e8s \u00e9troit et sans air.<\/p>\n<div id=\"attachment_551\" style=\"width: 276px\" class=\"wp-caption aligncenter\"><a href=\"https:\/\/karstexplo.fr\/blog\/wp-content\/uploads\/2014\/11\/Helguera25-10-2014-8.jpg\"><img aria-describedby=\"caption-attachment-551\" decoding=\"async\" loading=\"lazy\" class=\"size-medium wp-image-551\" alt=\"Au terminus, le ruisseau sort d'un conduit bas et humide, mais juste au-dessus, le canyon se poursuit par une escalade d'une dizaine de m\u00e8tres.\" src=\"https:\/\/karstexplo.fr\/blog\/wp-content\/uploads\/2014\/11\/Helguera25-10-2014-8-266x400.jpg\" width=\"266\" height=\"400\" srcset=\"https:\/\/karstexplo.fr\/blog\/wp-content\/uploads\/2014\/11\/Helguera25-10-2014-8-266x400.jpg 266w, https:\/\/karstexplo.fr\/blog\/wp-content\/uploads\/2014\/11\/Helguera25-10-2014-8-682x1024.jpg 682w, https:\/\/karstexplo.fr\/blog\/wp-content\/uploads\/2014\/11\/Helguera25-10-2014-8.jpg 800w\" sizes=\"(max-width: 266px) 100vw, 266px\" \/><\/a><p id=\"caption-attachment-551\" class=\"wp-caption-text\">Au terminus, le ruisseau sort d&rsquo;un conduit bas et humide, mais juste au-dessus, le canyon se poursuit par une escalade d&rsquo;une dizaine de m\u00e8tres.<\/p><\/div>\n<div id=\"attachment_558\" style=\"width: 276px\" class=\"wp-caption aligncenter\"><a href=\"https:\/\/karstexplo.fr\/blog\/wp-content\/uploads\/2014\/11\/Helguera25-10-2014-1.jpg\"><img aria-describedby=\"caption-attachment-558\" decoding=\"async\" loading=\"lazy\" class=\"size-medium wp-image-558\" alt=\"Le ruisseau, peu avant le terminus. D'o\u00f9 vient-il et o\u00f9 va-t-il ?\" src=\"https:\/\/karstexplo.fr\/blog\/wp-content\/uploads\/2014\/11\/Helguera25-10-2014-1-266x400.jpg\" width=\"266\" height=\"400\" srcset=\"https:\/\/karstexplo.fr\/blog\/wp-content\/uploads\/2014\/11\/Helguera25-10-2014-1-266x400.jpg 266w, https:\/\/karstexplo.fr\/blog\/wp-content\/uploads\/2014\/11\/Helguera25-10-2014-1-682x1024.jpg 682w, https:\/\/karstexplo.fr\/blog\/wp-content\/uploads\/2014\/11\/Helguera25-10-2014-1.jpg 800w\" sizes=\"(max-width: 266px) 100vw, 266px\" \/><\/a><p id=\"caption-attachment-558\" class=\"wp-caption-text\">Le ruisseau, peu avant le terminus. D&rsquo;o\u00f9 vient-il et o\u00f9 va-t-il ?<\/p><\/div>\n<p style=\"text-align: justify;\">(D\u00e9veloppement topographi\u00e9 : 507 m, la cueva mesure au total 1370 m).<\/p>\n<ul>\n<li>\n<h3>Cueva de Carcab\u00f3n<\/h3>\n<\/li>\n<\/ul>\n<p><em><strong>Mercredi 29 octobre 2014<\/strong> (P. et S. Degouve, A. Garcia Fuentes (AER)) :<\/em><\/p>\n<p style=\"text-align: justify;\">La s\u00e9cheresse persistante nous incite \u00e0 retourner rapidement \u00e0 Carcabon avant les pluies d&rsquo;automne. L&rsquo;id\u00e9e de patauger encore dans la boue liquide ne nous enthousiasme gu\u00e8re, mais l&rsquo;enjeu est tel que ce d\u00e9sagr\u00e9ment para\u00eet bien secondaire.<br \/>\nAngel de l&rsquo;AER se joint \u00e0 nous. Comme il se doit, le courant d&rsquo;air est fort et va cro\u00eetre durant la journ\u00e9e. Dans la Via Coloscopia, les vo\u00fbtes mouillantes n&rsquo;en sont plus et certains bassins ont disparu. Au lac, le niveau est un m\u00e8tre plus bas que la normale et le capteur reef net est donc hors d&rsquo;eau. Nous parvenons assez rapidement \u00e0 notre terminus et apr\u00e8s avoir modifi\u00e9 l&rsquo;\u00e9quipement de la seconde escalade nous pouvons commencer l&rsquo;explo.<\/p>\n<div id=\"attachment_540\" style=\"width: 276px\" class=\"wp-caption aligncenter\"><a href=\"https:\/\/karstexplo.fr\/blog\/wp-content\/uploads\/2014\/11\/Carcabon29-10-2014-8.jpg\"><img aria-describedby=\"caption-attachment-540\" decoding=\"async\" loading=\"lazy\" class=\"size-medium wp-image-540\" alt=\"Le d\u00e9part du P.25, \u00e0 notre terminus de juillet.\" src=\"https:\/\/karstexplo.fr\/blog\/wp-content\/uploads\/2014\/11\/Carcabon29-10-2014-8-266x400.jpg\" width=\"266\" height=\"400\" srcset=\"https:\/\/karstexplo.fr\/blog\/wp-content\/uploads\/2014\/11\/Carcabon29-10-2014-8-266x400.jpg 266w, https:\/\/karstexplo.fr\/blog\/wp-content\/uploads\/2014\/11\/Carcabon29-10-2014-8-682x1024.jpg 682w, https:\/\/karstexplo.fr\/blog\/wp-content\/uploads\/2014\/11\/Carcabon29-10-2014-8.jpg 800w\" sizes=\"(max-width: 266px) 100vw, 266px\" \/><\/a><p id=\"caption-attachment-540\" class=\"wp-caption-text\">Le d\u00e9part du P.25, \u00e0 notre terminus de juillet.<\/p><\/div>\n<p style=\"text-align: justify;\">Le puits qui nous avait arr\u00eat\u00e9s mesure un peu plus de vingt m\u00e8tres et se termine par une pente argileuse qui plonge dans un bassin \u00e0 l&rsquo;eau cristalline. Contrairement aux pr\u00e9c\u00e9dents, il ne s&rsquo;agit pas d&rsquo;un siphon car le fond reste visible m\u00eame s&rsquo;il est n\u00e9cessaire de nager pour le franchir. Aurions-nous enfin d\u00e9pass\u00e9 la zone noy\u00e9e ? Derri\u00e8re, nous remontons une pente \u00e9bouleuse termin\u00e9e par une chemin\u00e9e. Heureusement, sur la gauche, un passage bas contourne ce puits remontant pour d\u00e9boucher dans un conduit plus vaste. Celui-ci reste assez argileux, et est constitu\u00e9 de gros talus formant des montagnes russes agr\u00e9ment\u00e9es de toboggans glissants.<\/p>\n<div id=\"attachment_538\" style=\"width: 410px\" class=\"wp-caption aligncenter\"><a href=\"https:\/\/karstexplo.fr\/blog\/wp-content\/uploads\/2014\/11\/Carcabon29-10-2014-4.jpg\"><img aria-describedby=\"caption-attachment-538\" decoding=\"async\" loading=\"lazy\" class=\"size-medium wp-image-538\" alt=\"Les s\u00e9diments sont encore bien pr\u00e9sents tout au long de la progression, m\u00eame si d\u00e9sormais nous sommes au-dessus des niveaux de crue.\" src=\"https:\/\/karstexplo.fr\/blog\/wp-content\/uploads\/2014\/11\/Carcabon29-10-2014-4-400x266.jpg\" width=\"400\" height=\"266\" srcset=\"https:\/\/karstexplo.fr\/blog\/wp-content\/uploads\/2014\/11\/Carcabon29-10-2014-4-400x266.jpg 400w, https:\/\/karstexplo.fr\/blog\/wp-content\/uploads\/2014\/11\/Carcabon29-10-2014-4-1024x682.jpg 1024w, https:\/\/karstexplo.fr\/blog\/wp-content\/uploads\/2014\/11\/Carcabon29-10-2014-4.jpg 1200w\" sizes=\"(max-width: 400px) 100vw, 400px\" \/><\/a><p id=\"caption-attachment-538\" class=\"wp-caption-text\">Les s\u00e9diments sont encore bien pr\u00e9sents tout au long de la progression, m\u00eame si d\u00e9sormais nous sommes au-dessus des niveaux de crue.<\/p><\/div>\n<p style=\"text-align: justify;\">Cette-fois-ci, nous sommes bel et bien dans le vif du sujet. Le conduit continue \u00e0 prendre de l&rsquo;ampleur et soudain, nous entendons le grondement de la rivi\u00e8re qui s&rsquo;\u00e9coule librement en contrebas. Par endroit, de superbes coul\u00e9es de calcite indiquent le d\u00e9bouch\u00e9 d&rsquo;affluents perch\u00e9s. Malgr\u00e9 les dimensions importantes, nous ressentons toujours le courant d&rsquo;air. Apr\u00e8s avoir parcouru 400 m de galeries, nous d\u00e9cidons d&rsquo;attaquer la topo en continuant l&rsquo;exploration. Nous passons un\u00a0 premier carrefour puis la galerie prend l&rsquo;allure d&rsquo;un \u00e9norme tube, au sol plat qui d\u00e9bouche sur un second carrefour, plus imposant.<\/p>\n<div id=\"attachment_536\" style=\"width: 410px\" class=\"wp-caption aligncenter\"><a href=\"https:\/\/karstexplo.fr\/blog\/wp-content\/uploads\/2014\/11\/Carcabon29-10-2014-1.jpg\"><img aria-describedby=\"caption-attachment-536\" decoding=\"async\" loading=\"lazy\" class=\"size-medium wp-image-536\" alt=\"La blancheur des coul\u00e9es stalagmitiques tranche avec l'ambiance sombre et uniform\u00e9ment argileuse de la plupart des galeries.\" src=\"https:\/\/karstexplo.fr\/blog\/wp-content\/uploads\/2014\/11\/Carcabon29-10-2014-1-400x266.jpg\" width=\"400\" height=\"266\" srcset=\"https:\/\/karstexplo.fr\/blog\/wp-content\/uploads\/2014\/11\/Carcabon29-10-2014-1-400x266.jpg 400w, https:\/\/karstexplo.fr\/blog\/wp-content\/uploads\/2014\/11\/Carcabon29-10-2014-1-1024x682.jpg 1024w, https:\/\/karstexplo.fr\/blog\/wp-content\/uploads\/2014\/11\/Carcabon29-10-2014-1.jpg 1200w\" sizes=\"(max-width: 400px) 100vw, 400px\" \/><\/a><p id=\"caption-attachment-536\" class=\"wp-caption-text\">La blancheur des coul\u00e9es stalagmitiques tranche avec l&rsquo;ambiance sombre et uniform\u00e9ment argileuse de la plupart des galeries.<\/p><\/div>\n<p style=\"text-align: justify;\">Sur la droite, Angel reconnait un gros m\u00e9andre jusqu&rsquo;\u00e0 un puits estim\u00e9 \u00e0 une trentaine de m\u00e8tres. Nous poursuivons alors sur la gauche, dans un \u00e9boulis pentu remontant dans une salle surmont\u00e9e d&rsquo;une chemin\u00e9e haute de plus de 45 m et termin\u00e9e par une coul\u00e9e stalagmitique au sommet de laquelle on distingue une galerie (escalade d&rsquo;environ 7m). Sur la droite, derri\u00e8re de gros blocs effondr\u00e9s, un conduit nous am\u00e8ne au bout d&rsquo;une centaine de m\u00e8tres dans une petite salle tr\u00e8s ventil\u00e9e mais barr\u00e9e par une tr\u00e9mie instable. Celle-ci serait \u00e0 revoir ainsi que d&rsquo;autres d\u00e9parts que nous laissons pour une prochaine fois. En effet, les pages du carnet topo sont compt\u00e9s et nous souhaitons absolument nous raccorder \u00e0 notre terminus pr\u00e9c\u00e9dent avant de ressortir. Nous topographions quand m\u00eame le grand m\u00e9andre vu par Angel. Celui-ci est bien ventil\u00e9 et peu apr\u00e8s le puits, on per\u00e7oit nettement le bruit de la rivi\u00e8re. Nous laissons ce bel objectif pour une prochaine fois et retournons sur nos pas pour boucler la topo. L&rsquo;avant derni\u00e8re page du carnet sera atteinte au bas du puits de 20 m. Nous ressortons vers 19 h 00 comme d&rsquo;habitude couverts d&rsquo;argile et comme d&rsquo;habitude nous nous promettons d&rsquo;\u00e9largir certains passages \u00e9troits de la zone d&rsquo;entr\u00e9e. (D\u00e9veloppement topographi\u00e9 : 920 m ; la cueva totalise 2270 m de galerie).<\/p>\n<div id=\"attachment_539\" style=\"width: 276px\" class=\"wp-caption aligncenter\"><a href=\"https:\/\/karstexplo.fr\/blog\/wp-content\/uploads\/2014\/11\/Carcabon29-10-2014-7.jpg\"><img aria-describedby=\"caption-attachment-539\" decoding=\"async\" loading=\"lazy\" class=\"size-medium wp-image-539\" alt=\"Angel au retour de la pointe, content, mais avant de ressortir il faut repasser la via Coloscopia, ses \u00e9troitures et tas de boue...\" src=\"https:\/\/karstexplo.fr\/blog\/wp-content\/uploads\/2014\/11\/Carcabon29-10-2014-7-266x400.jpg\" width=\"266\" height=\"400\" srcset=\"https:\/\/karstexplo.fr\/blog\/wp-content\/uploads\/2014\/11\/Carcabon29-10-2014-7-266x400.jpg 266w, https:\/\/karstexplo.fr\/blog\/wp-content\/uploads\/2014\/11\/Carcabon29-10-2014-7-682x1024.jpg 682w, https:\/\/karstexplo.fr\/blog\/wp-content\/uploads\/2014\/11\/Carcabon29-10-2014-7.jpg 800w\" sizes=\"(max-width: 266px) 100vw, 266px\" \/><\/a><p id=\"caption-attachment-539\" class=\"wp-caption-text\">Angel au retour de la pointe, content, mais avant de ressortir il faut repasser la via Coloscopia, ses \u00e9troitures et ses tas de boue&#8230;<\/p><\/div>\n<p style=\"text-align: justify;\">En dehors de ces explorations, nous avons \u00e9galement r\u00e9alis\u00e9 quelques prospections notamment au-dessus de la Gandara. Et pour terminer notre s\u00e9jour, suite aux journ\u00e9es du Sedeck et en vue d&rsquo;une future coloration dans la cueva de la Valina, nos amis anglais (Peter Smith et Philip Papard) nous ont fait visiter la Re\u00f1ada, une cavit\u00e9 majeure de la d\u00e9pression du Matienzo. Merci \u00e0 eux.<\/p>\n<div id=\"attachment_562\" style=\"width: 410px\" class=\"wp-caption aligncenter\"><a href=\"https:\/\/karstexplo.fr\/blog\/wp-content\/uploads\/2014\/11\/Renada2014-2.jpg\"><img aria-describedby=\"caption-attachment-562\" decoding=\"async\" loading=\"lazy\" class=\"size-medium wp-image-562\" alt=\"Dans les galeries de la Re\u00f1ada.\" src=\"https:\/\/karstexplo.fr\/blog\/wp-content\/uploads\/2014\/11\/Renada2014-2-400x300.jpg\" width=\"400\" height=\"300\" srcset=\"https:\/\/karstexplo.fr\/blog\/wp-content\/uploads\/2014\/11\/Renada2014-2-400x300.jpg 400w, https:\/\/karstexplo.fr\/blog\/wp-content\/uploads\/2014\/11\/Renada2014-2-1024x768.jpg 1024w, https:\/\/karstexplo.fr\/blog\/wp-content\/uploads\/2014\/11\/Renada2014-2.jpg 1200w\" sizes=\"(max-width: 400px) 100vw, 400px\" \/><\/a><p id=\"caption-attachment-562\" class=\"wp-caption-text\">Dans les galeries de la Re\u00f1ada.<\/p><\/div>\n<p style=\"text-align: right;\"><em>C.R. Patrick Degouve<\/em><\/p>\n<p>&nbsp;<\/p>\n","protected":false},"excerpt":{"rendered":"<p>L&rsquo;\u00e9t\u00e9 indien aura tenu jusqu&rsquo;aux premiers jours de novembre et nous ne pouvions pas faire autrement que d&rsquo;en profiter au maximum. Il faut dire qu&rsquo;apr\u00e8s un \u00e9t\u00e9 besogneux durant lequel les chantiers de d\u00e9sobstruction se son globalement bien termin\u00e9s, nous avions du pain sur la planche et largement de quoi occuper ces deux semaines en [&hellip;]<\/p>\n","protected":false},"author":1,"featured_media":0,"comment_status":"open","ping_status":"open","sticky":false,"template":"","format":"standard","meta":[],"categories":[1],"tags":[],"_links":{"self":[{"href":"https:\/\/karstexplo.fr\/blog\/index.php?rest_route=\/wp\/v2\/posts\/531"}],"collection":[{"href":"https:\/\/karstexplo.fr\/blog\/index.php?rest_route=\/wp\/v2\/posts"}],"about":[{"href":"https:\/\/karstexplo.fr\/blog\/index.php?rest_route=\/wp\/v2\/types\/post"}],"author":[{"embeddable":true,"href":"https:\/\/karstexplo.fr\/blog\/index.php?rest_route=\/wp\/v2\/users\/1"}],"replies":[{"embeddable":true,"href":"https:\/\/karstexplo.fr\/blog\/index.php?rest_route=%2Fwp%2Fv2%2Fcomments&post=531"}],"version-history":[{"count":7,"href":"https:\/\/karstexplo.fr\/blog\/index.php?rest_route=\/wp\/v2\/posts\/531\/revisions"}],"predecessor-version":[{"id":565,"href":"https:\/\/karstexplo.fr\/blog\/index.php?rest_route=\/wp\/v2\/posts\/531\/revisions\/565"}],"wp:attachment":[{"href":"https:\/\/karstexplo.fr\/blog\/index.php?rest_route=%2Fwp%2Fv2%2Fmedia&parent=531"}],"wp:term":[{"taxonomy":"category","embeddable":true,"href":"https:\/\/karstexplo.fr\/blog\/index.php?rest_route=%2Fwp%2Fv2%2Fcategories&post=531"},{"taxonomy":"post_tag","embeddable":true,"href":"https:\/\/karstexplo.fr\/blog\/index.php?rest_route=%2Fwp%2Fv2%2Ftags&post=531"}],"curies":[{"name":"wp","href":"https:\/\/api.w.org\/{rel}","templated":true}]}}