{"id":590,"date":"2015-02-26T11:40:10","date_gmt":"2015-02-26T10:40:10","guid":{"rendered":"http:\/\/karstexplo.fr\/blog\/?p=590"},"modified":"2015-02-27T08:52:35","modified_gmt":"2015-02-27T07:52:35","slug":"en-cantabria-malgre-la-mousson","status":"publish","type":"post","link":"https:\/\/karstexplo.fr\/blog\/?p=590","title":{"rendered":"En Cantabria, malgr\u00e9 la mousson&#8230;."},"content":{"rendered":"<p style=\"text-align: justify;\">Cet hiver s&rsquo;av\u00e8re particuli\u00e8rement humide en Cantabria. Depuis le d\u00e9but du mois de janvier la pluie et la neige, m\u00eame \u00e0 tr\u00e8s basse altitude, se sont succ\u00e9d\u00e9 sans interruption provoquant des crues spectaculaires et de nombreux d\u00e9g\u00e2ts. Sur les seuls mois de janvier et f\u00e9vrier le cumul des pr\u00e9cipitations repr\u00e9sente par endroit plus de 400 mm soit pr\u00e8s du double des normales saisonni\u00e8res. Ces conditions exceptionnelles ont perdur\u00e9 durant tout notre s\u00e9jour soit quasiment deux semaines, \u00e0 l\u2019exception d\u2019une journ\u00e9e printani\u00e8re o\u00f9 nous avons pu en profiter pour faire une belle prospection au-dessus du gouffre de <strong>los Rebeco<\/strong>s, en amont <strong>d\u2019Aitken<\/strong> et du <strong>Maxou Picchu<\/strong>.<\/p>\n<p style=\"text-align: justify;\">Comme il n\u2019\u00e9tait pas question de se tourner les pouces \u00e0 la maison, nous avons un peu modifi\u00e9 notre programme pour s\u2019orienter vers des objectifs n\u00e9cessitant peu de marche d\u2019approche. Ainsi, \u00e0 la <strong>cueva de la Carrera<\/strong>, nous avons pu avancer l\u2019exploration de plusieurs galeries secondaires. La premi\u00e8re, la galerie du Trap\u00e8ze, a permis de reconna\u00eetre 280 m de m\u00e9andre concr\u00e9tionn\u00e9 se dirigeant vers le sud et le cirque de Socueva. Plus loin, dans la salle des Caricaturistes nous avons reconnu un conduit assez chaotique au d\u00e9part et ponctu\u00e9 de chemin\u00e9es dont les plus hautes atteignent une trentaine de m\u00e8tres de hauteur. Cette galerie, bouch\u00e9e par un remplissage argileux au bout d\u2019une bonne centaine de m\u00e8tres, revient vers le puits L\u00e9ger (galerie du Volcan). L\u2019alignement, form\u00e9 par les deux conduits correspond \u00e0 une fracture assez visible en surface et qui a notamment orient\u00e9 la galerie du Tube de l\u2019Et\u00e9. (d\u00e9veloppement au 20\/02\/2015\u00a0: 8305 m topo).<\/p>\n<div id=\"attachment_591\" style=\"width: 276px\" class=\"wp-caption aligncenter\"><a href=\"https:\/\/karstexplo.fr\/blog\/wp-content\/uploads\/2015\/02\/1850-02-2015-1.jpg\"><img aria-describedby=\"caption-attachment-591\" decoding=\"async\" loading=\"lazy\" class=\"size-medium wp-image-591\" alt=\"Le m\u00e9andre du Trap\u00e8ze\" src=\"https:\/\/karstexplo.fr\/blog\/wp-content\/uploads\/2015\/02\/1850-02-2015-1-266x400.jpg\" width=\"266\" height=\"400\" srcset=\"https:\/\/karstexplo.fr\/blog\/wp-content\/uploads\/2015\/02\/1850-02-2015-1-266x400.jpg 266w, https:\/\/karstexplo.fr\/blog\/wp-content\/uploads\/2015\/02\/1850-02-2015-1-682x1024.jpg 682w, https:\/\/karstexplo.fr\/blog\/wp-content\/uploads\/2015\/02\/1850-02-2015-1.jpg 800w\" sizes=\"(max-width: 266px) 100vw, 266px\" \/><\/a><p id=\"caption-attachment-591\" class=\"wp-caption-text\">Le m\u00e9andre du Trap\u00e8ze<\/p><\/div>\n<p style=\"text-align: justify;\">Nous nous sommes \u00e9galement r\u00e9fugi\u00e9 \u00e0 trois reprises dans la <strong>cueva Cayuela<\/strong> pour continuer la mise \u00e0 jour de la topographie. Cette-fois-ci, nous avons revu l\u2019extr\u00e9mit\u00e9 du canyon ouest o\u00f9 de nombreux conduits n\u2019avaient \u00e0 priori jamais \u00e9t\u00e9 topographi\u00e9s. Nos relev\u00e9s ont totalis\u00e9 \u00e0 peu pr\u00e8s 530 m de galeries fossiles situ\u00e9es entre les diff\u00e9rents actifs qui ces jours l\u00e0 n\u2019\u00e9taient pas praticables. Cela nous permettra peut-\u00eatre de mieux comprendre les diff\u00e9rentes circulations qui s\u2019\u00e9coulent sous cette grande galerie. Il reste encore du travail dans ce secteur et notre prochain objectif sera de raccorder toutes les galeries topographi\u00e9es (fond du canyon Ouest, puits Buffard, Labyrinthe\u2026) au canyon d\u2019entr\u00e9e dont le cheminement a \u00e9t\u00e9 enti\u00e8rement revu par les sp\u00e9l\u00e9os de Santo\u00f1a. Ces derniers ont en effet r\u00e9alis\u00e9 un travail remarquable en reprenant compl\u00e8tement la topographie de l\u2019entr\u00e9e jusqu\u2019au fond (tr\u00e9mie de la galerie Tantale) et \u00e9galement jusqu\u2019\u00e0 l\u2019extr\u00e9mit\u00e9 du canyon Est o\u00f9 ils ont d\u00e9couverts quelques prolongements int\u00e9ressants.<\/p>\n<div id=\"attachment_592\" style=\"width: 276px\" class=\"wp-caption aligncenter\"><a href=\"https:\/\/karstexplo.fr\/blog\/wp-content\/uploads\/2015\/02\/Cayuela-Ouest-1.jpg\"><img aria-describedby=\"caption-attachment-592\" decoding=\"async\" loading=\"lazy\" class=\"size-medium wp-image-592\" alt=\"La rivi\u00e8re du canyon Ouest en crue. Cell'ci n'a pas encore r\u00e9cup\u00e9r\u00e9 les affluents venant du r\u00e9seau sud et on devine ce que cela doit donner \u00e0 la Cubiobramante.\" src=\"https:\/\/karstexplo.fr\/blog\/wp-content\/uploads\/2015\/02\/Cayuela-Ouest-1-266x400.jpg\" width=\"266\" height=\"400\" srcset=\"https:\/\/karstexplo.fr\/blog\/wp-content\/uploads\/2015\/02\/Cayuela-Ouest-1-266x400.jpg 266w, https:\/\/karstexplo.fr\/blog\/wp-content\/uploads\/2015\/02\/Cayuela-Ouest-1-682x1024.jpg 682w, https:\/\/karstexplo.fr\/blog\/wp-content\/uploads\/2015\/02\/Cayuela-Ouest-1.jpg 800w\" sizes=\"(max-width: 266px) 100vw, 266px\" \/><\/a><p id=\"caption-attachment-592\" class=\"wp-caption-text\">La rivi\u00e8re du canyon Ouest en crue. Celle-ci n&rsquo;a pas encore r\u00e9cup\u00e9r\u00e9 les affluents venant du r\u00e9seau sud et on devine ce que cela doit donner \u00e0 la Cubiobramante.<\/p><\/div>\n<p style=\"text-align: justify;\">Durant ce s\u00e9jour, il nous a \u00e9t\u00e9 \u00e9galement possible de retourner dans le Cubillo Fraile pour notamment explorer le petit actif s\u2019\u00e9coulant \u00e0 la base des puits d\u2019entr\u00e9e. Malgr\u00e9 l\u2019humidit\u00e9 ambiante, nous avons pu parcourir le m\u00e9andre sur une centaine de m\u00e8tres jusqu\u2019\u00e0 un petit puits qui reste \u00e0 explorer.<\/p>\n<div id=\"attachment_593\" style=\"width: 410px\" class=\"wp-caption aligncenter\"><a href=\"https:\/\/karstexplo.fr\/blog\/wp-content\/uploads\/2015\/02\/P2250066.jpg\"><img aria-describedby=\"caption-attachment-593\" decoding=\"async\" loading=\"lazy\" class=\"size-medium wp-image-593\" alt=\"Juste avant notre d\u00e9part, toutes les r\u00e9surgences \u00e9taient en crue. Ici, la cueva Carcabon qui coule de fa\u00e7on exceptionnelle. A l'\u00e9tiage, on trouve l'eau qui ressort \u00e0 la fuente Isenia, 20 m plus bas.\" src=\"https:\/\/karstexplo.fr\/blog\/wp-content\/uploads\/2015\/02\/P2250066-400x266.jpg\" width=\"400\" height=\"266\" srcset=\"https:\/\/karstexplo.fr\/blog\/wp-content\/uploads\/2015\/02\/P2250066-400x266.jpg 400w, https:\/\/karstexplo.fr\/blog\/wp-content\/uploads\/2015\/02\/P2250066-1024x682.jpg 1024w, https:\/\/karstexplo.fr\/blog\/wp-content\/uploads\/2015\/02\/P2250066.jpg 1200w\" sizes=\"(max-width: 400px) 100vw, 400px\" \/><\/a><p id=\"caption-attachment-593\" class=\"wp-caption-text\">Juste avant notre d\u00e9part, toutes les r\u00e9surgences \u00e9taient en crue. Ici, la cueva Carcabon qui coule de fa\u00e7on exceptionnelle. A l&rsquo;\u00e9tiage, on trouve l&rsquo;eau qui ressort \u00e0 la fuente Isenia, 20 m plus bas.<\/p><\/div>\n<p>Participants : Lola Br\u00e9ard, P. et S. Degouve, Laurent Garnier (GSV)<\/p>\n<p style=\"text-align: right;\"><em>Patrick Degouve<\/em><\/p>\n","protected":false},"excerpt":{"rendered":"<p>Cet hiver s&rsquo;av\u00e8re particuli\u00e8rement humide en Cantabria. Depuis le d\u00e9but du mois de janvier la pluie et la neige, m\u00eame \u00e0 tr\u00e8s basse altitude, se sont succ\u00e9d\u00e9 sans interruption provoquant des crues spectaculaires et de nombreux d\u00e9g\u00e2ts. Sur les seuls mois de janvier et f\u00e9vrier le cumul des pr\u00e9cipitations repr\u00e9sente par endroit plus de 400 [&hellip;]<\/p>\n","protected":false},"author":1,"featured_media":0,"comment_status":"open","ping_status":"open","sticky":false,"template":"","format":"standard","meta":[],"categories":[4],"tags":[],"_links":{"self":[{"href":"https:\/\/karstexplo.fr\/blog\/index.php?rest_route=\/wp\/v2\/posts\/590"}],"collection":[{"href":"https:\/\/karstexplo.fr\/blog\/index.php?rest_route=\/wp\/v2\/posts"}],"about":[{"href":"https:\/\/karstexplo.fr\/blog\/index.php?rest_route=\/wp\/v2\/types\/post"}],"author":[{"embeddable":true,"href":"https:\/\/karstexplo.fr\/blog\/index.php?rest_route=\/wp\/v2\/users\/1"}],"replies":[{"embeddable":true,"href":"https:\/\/karstexplo.fr\/blog\/index.php?rest_route=%2Fwp%2Fv2%2Fcomments&post=590"}],"version-history":[{"count":2,"href":"https:\/\/karstexplo.fr\/blog\/index.php?rest_route=\/wp\/v2\/posts\/590\/revisions"}],"predecessor-version":[{"id":595,"href":"https:\/\/karstexplo.fr\/blog\/index.php?rest_route=\/wp\/v2\/posts\/590\/revisions\/595"}],"wp:attachment":[{"href":"https:\/\/karstexplo.fr\/blog\/index.php?rest_route=%2Fwp%2Fv2%2Fmedia&parent=590"}],"wp:term":[{"taxonomy":"category","embeddable":true,"href":"https:\/\/karstexplo.fr\/blog\/index.php?rest_route=%2Fwp%2Fv2%2Fcategories&post=590"},{"taxonomy":"post_tag","embeddable":true,"href":"https:\/\/karstexplo.fr\/blog\/index.php?rest_route=%2Fwp%2Fv2%2Ftags&post=590"}],"curies":[{"name":"wp","href":"https:\/\/api.w.org\/{rel}","templated":true}]}}