{"id":599,"date":"2015-04-09T08:04:27","date_gmt":"2015-04-09T06:04:27","guid":{"rendered":"http:\/\/karstexplo.fr\/blog\/?p=599"},"modified":"2015-04-09T08:04:27","modified_gmt":"2015-04-09T06:04:27","slug":"explorations-printanieres","status":"publish","type":"post","link":"https:\/\/karstexplo.fr\/blog\/?p=599","title":{"rendered":"Explorations printani\u00e8res&#8230;"},"content":{"rendered":"<p><strong>Dimanche 5 avril 2015 :<\/strong><\/p>\n<p style=\"text-align: justify;\">Profitant du week-end de Paques et des premiers beaux jours enfin revenus apr\u00e8s un trimestre catastrophique, nous gagnons la Cantabria pour quelques jours. Guy est d\u00e9j\u00e0 sur place et c&rsquo;est avec Montse et Dany que nous partons tous les 5 en direction de Pepiones afin de poursuivre la prospection du secteur et la mise \u00e0 jour de l&rsquo;inventaire. Vu l&rsquo;orientation, il est assez difficile de se prot\u00e9ger du vent froid qui souffle de l&rsquo;est. Mais cette fra\u00eecheur d\u00e9sagr\u00e9able permet de maintenir un r\u00e9gime hivernal pour les courants d&rsquo;air. Du coup, nous pointons plusieurs trous souffleurs bien int\u00e9ressants. Au passage, nous sondons la torca 2176 d\u00e9couverte en d\u00e9cembre dernier. Les cailloux, apr\u00e8s avoir rebondi sur quelques paliers, chutent tr\u00e8s loin et il est bien difficile d&rsquo;estimer la hauteur du puits d&rsquo;autant plus que nous ne sommes pas vraiment certains d&rsquo;avoir entendu l&rsquo;impact final. Du pain sur la planche pour l&rsquo;\u00e9t\u00e9 prochain&#8230;<\/p>\n<div id=\"attachment_602\" style=\"width: 410px\" class=\"wp-caption aligncenter\"><a href=\"https:\/\/karstexplo.fr\/blog\/wp-content\/uploads\/2015\/04\/0377-1.jpg\"><img aria-describedby=\"caption-attachment-602\" decoding=\"async\" loading=\"lazy\" class=\"size-medium wp-image-602\" src=\"https:\/\/karstexplo.fr\/blog\/wp-content\/uploads\/2015\/04\/0377-1-400x300.jpg\" alt=\"Dans la lande de Pepiones les gouffres sont nombreux mais souvent difficiles \u00e0 \u00e9quiper. Ici, le gouffre du Faucheux (torca del Secador - 310 m) d\u00e9but par un P.90.\" width=\"400\" height=\"300\" srcset=\"https:\/\/karstexplo.fr\/blog\/wp-content\/uploads\/2015\/04\/0377-1-400x300.jpg 400w, https:\/\/karstexplo.fr\/blog\/wp-content\/uploads\/2015\/04\/0377-1-1024x768.jpg 1024w, https:\/\/karstexplo.fr\/blog\/wp-content\/uploads\/2015\/04\/0377-1.jpg 1200w\" sizes=\"(max-width: 400px) 100vw, 400px\" \/><\/a><p id=\"caption-attachment-602\" class=\"wp-caption-text\">Dans la lande de Pepiones les gouffres sont nombreux mais souvent difficiles \u00e0 \u00e9quiper. Ici, le gouffre du Faucheux (torca del Secador &#8211; 310 m) d\u00e9but par un P.90.<\/p><\/div>\n<p style=\"text-align: justify;\"><strong>Lundi 6 avril :<\/strong><\/p>\n<p style=\"text-align: justify;\">Le vent d&rsquo;est reste frais, mais il a chass\u00e9 tous les nuages et garantit une belle journ\u00e9e. Ce matin nous ne sommes plus que trois (Guy, Sandrine et Patrick) pour aller explorer la torca 2198 au fond du canal del Haya. La derni\u00e8re partie de la marche d&rsquo;approche reste assez sportive car il faut franchir des lames de lapiaz effil\u00e9es s\u00e9par\u00e9es par de profondes diaclases. A l&rsquo;entr\u00e9e, le courant d&rsquo;air est net mais \u00e0 ce niveau, il peut provenir des entr\u00e9es sup\u00e9rieures qu&rsquo;on devine dans le haut du lapiaz. Le premier puits, tr\u00e8s esth\u00e9tique, est rapidement \u00e9quip\u00e9 (33 m).<\/p>\n<div id=\"attachment_603\" style=\"width: 277px\" class=\"wp-caption aligncenter\"><a href=\"https:\/\/karstexplo.fr\/blog\/wp-content\/uploads\/2015\/04\/2198-1.jpg\"><img aria-describedby=\"caption-attachment-603\" decoding=\"async\" loading=\"lazy\" class=\"size-medium wp-image-603\" src=\"https:\/\/karstexplo.fr\/blog\/wp-content\/uploads\/2015\/04\/2198-1-267x400.jpg\" alt=\"Les nombreuses entr\u00e9es r\u00e9parties le long d'un m\u00e9andre de surface sinueux donnent une ambiance particuli\u00e8re au premier puits de la torca (33 m).\" width=\"267\" height=\"400\" srcset=\"https:\/\/karstexplo.fr\/blog\/wp-content\/uploads\/2015\/04\/2198-1-267x400.jpg 267w, https:\/\/karstexplo.fr\/blog\/wp-content\/uploads\/2015\/04\/2198-1-683x1024.jpg 683w, https:\/\/karstexplo.fr\/blog\/wp-content\/uploads\/2015\/04\/2198-1.jpg 800w\" sizes=\"(max-width: 267px) 100vw, 267px\" \/><\/a><p id=\"caption-attachment-603\" class=\"wp-caption-text\">Les nombreuses entr\u00e9es r\u00e9parties le long d&rsquo;un m\u00e9andre de surface sinueux donnent une ambiance particuli\u00e8re au premier puits de la torca (33 m).<\/p><\/div>\n<p>Au bas, il est rapidement suivi de deux autres verticales de 5 et 11 m. A ce niveau, le courant d&rsquo;air provenant du fond est fort et semble s&rsquo;intensifier avec l&rsquo;\u00e9volution de la temp\u00e9rature ext\u00e9rieure. Sandrine \u00e9quipe ensuite un beau P.40, coup\u00e9 \u00e0 10 m du fond par un large palier.<\/p>\n<div id=\"attachment_605\" style=\"width: 277px\" class=\"wp-caption aligncenter\"><a href=\"https:\/\/karstexplo.fr\/blog\/wp-content\/uploads\/2015\/04\/2198-5.jpg\"><img aria-describedby=\"caption-attachment-605\" decoding=\"async\" loading=\"lazy\" class=\"size-medium wp-image-605\" src=\"https:\/\/karstexplo.fr\/blog\/wp-content\/uploads\/2015\/04\/2198-5-267x400.jpg\" alt=\"Le P.11 \u00e0 -40 m\" width=\"267\" height=\"400\" srcset=\"https:\/\/karstexplo.fr\/blog\/wp-content\/uploads\/2015\/04\/2198-5-267x400.jpg 267w, https:\/\/karstexplo.fr\/blog\/wp-content\/uploads\/2015\/04\/2198-5-683x1024.jpg 683w, https:\/\/karstexplo.fr\/blog\/wp-content\/uploads\/2015\/04\/2198-5.jpg 800w\" sizes=\"(max-width: 267px) 100vw, 267px\" \/><\/a><p id=\"caption-attachment-605\" class=\"wp-caption-text\">Le P.11 \u00e0 -40 m<\/p><\/div>\n<p style=\"text-align: justify;\">\u00a0La suite est moins r\u00e9jouissante car les proportions s&rsquo;amenuisent s\u00e9rieusement dans un m\u00e9andre qui descend jusqu&rsquo;\u00e0 un colmatage argileux. Cependant, peu avant, entre des blocs soud\u00e9s par le remplissage et la calcite, nous distinguons nettement un autre puits plus vaste. Avec les moyens du bord, nous entamons la d\u00e9sobstruction et contre toute attente, nous parvenons finalement \u00e0 ouvrir un passage p\u00e9n\u00e9trable sans trop de probl\u00e8me.<\/p>\n<div id=\"attachment_606\" style=\"width: 410px\" class=\"wp-caption aligncenter\"><a href=\"https:\/\/karstexplo.fr\/blog\/wp-content\/uploads\/2015\/04\/2198-6.jpg\"><img aria-describedby=\"caption-attachment-606\" decoding=\"async\" loading=\"lazy\" class=\"size-medium wp-image-606\" src=\"https:\/\/karstexplo.fr\/blog\/wp-content\/uploads\/2015\/04\/2198-6-400x267.jpg\" alt=\"D\u00e9part du P.40\" width=\"400\" height=\"267\" srcset=\"https:\/\/karstexplo.fr\/blog\/wp-content\/uploads\/2015\/04\/2198-6-400x267.jpg 400w, https:\/\/karstexplo.fr\/blog\/wp-content\/uploads\/2015\/04\/2198-6-1024x683.jpg 1024w, https:\/\/karstexplo.fr\/blog\/wp-content\/uploads\/2015\/04\/2198-6.jpg 1200w\" sizes=\"(max-width: 400px) 100vw, 400px\" \/><\/a><p id=\"caption-attachment-606\" class=\"wp-caption-text\">D\u00e9part du P.40<\/p><\/div>\n<p style=\"text-align: justify;\">Apr\u00e8s un ressaut \u00e9troit de 2 m, nous \u00e9quipons un nouveau puits de 20 m. Malheureusement, le fond est totalement bouch\u00e9 par de l&rsquo;argile \u00e0 -117 m. Deux d\u00e9parts en hauteur ne donnent pas grand chose : un talus remontant au sommet d&rsquo;un R.3 d&rsquo;un c\u00f4t\u00e9 et une diaclase \u00e9troite (P.5) rejoignant une base de puits de l&rsquo;autre c\u00f4t\u00e9. Tout cela semble bien compromis&#8230;. En remontant ce puits, une lucarne attire notre attention. Mais apr\u00e8s d&rsquo;inutiles acrobaties pour l&rsquo;atteindre, nous constatons qu&rsquo;elle redonne dans l&rsquo;une des d\u00e9parts du fond. Nous d\u00e9s\u00e9quipons cette partie et continuons \u00e0 remonter en traquant le courant d&rsquo;air qui semble s&rsquo;\u00eatre en partie volatilis\u00e9 dans le P.40. A mi-hauteur, un pendule d\u00e9licat nous permet d&rsquo;atteindre la partie sup\u00e9rieure d&rsquo;un m\u00e9andre mais visiblement c&rsquo;est un amont. Quoique ????? En y regardant de plus pr\u00e8s, celui-ci est beaucoup plus gros que pr\u00e9vu et surtout, il y a de l&rsquo;air. Les batteries du perfo sont \u00e0 plat et nous n&rsquo;avons plus d&rsquo;ancrages. A l&rsquo;arrache, nous parvenons \u00e0 descendre un ressaut et \u00e0 progresser dans le conduit, jusqu&rsquo;\u00e0 un nouveau petit puits. Nous n&rsquo;insistons pas, mais au loin, on aper\u00e7oit un bel \u00e9largissement. Tout n&rsquo;est donc pas perdu. La suite, prochainement&#8230;.<\/p>\n<p style=\"text-align: right;\"><em>Patrick Degouve<\/em><\/p>\n","protected":false},"excerpt":{"rendered":"<p>Dimanche 5 avril 2015 : Profitant du week-end de Paques et des premiers beaux jours enfin revenus apr\u00e8s un trimestre catastrophique, nous gagnons la Cantabria pour quelques jours. Guy est d\u00e9j\u00e0 sur place et c&rsquo;est avec Montse et Dany que nous partons tous les 5 en direction de Pepiones afin de poursuivre la prospection du [&hellip;]<\/p>\n","protected":false},"author":1,"featured_media":0,"comment_status":"open","ping_status":"open","sticky":false,"template":"","format":"standard","meta":[],"categories":[4],"tags":[],"_links":{"self":[{"href":"https:\/\/karstexplo.fr\/blog\/index.php?rest_route=\/wp\/v2\/posts\/599"}],"collection":[{"href":"https:\/\/karstexplo.fr\/blog\/index.php?rest_route=\/wp\/v2\/posts"}],"about":[{"href":"https:\/\/karstexplo.fr\/blog\/index.php?rest_route=\/wp\/v2\/types\/post"}],"author":[{"embeddable":true,"href":"https:\/\/karstexplo.fr\/blog\/index.php?rest_route=\/wp\/v2\/users\/1"}],"replies":[{"embeddable":true,"href":"https:\/\/karstexplo.fr\/blog\/index.php?rest_route=%2Fwp%2Fv2%2Fcomments&post=599"}],"version-history":[{"count":2,"href":"https:\/\/karstexplo.fr\/blog\/index.php?rest_route=\/wp\/v2\/posts\/599\/revisions"}],"predecessor-version":[{"id":607,"href":"https:\/\/karstexplo.fr\/blog\/index.php?rest_route=\/wp\/v2\/posts\/599\/revisions\/607"}],"wp:attachment":[{"href":"https:\/\/karstexplo.fr\/blog\/index.php?rest_route=%2Fwp%2Fv2%2Fmedia&parent=599"}],"wp:term":[{"taxonomy":"category","embeddable":true,"href":"https:\/\/karstexplo.fr\/blog\/index.php?rest_route=%2Fwp%2Fv2%2Fcategories&post=599"},{"taxonomy":"post_tag","embeddable":true,"href":"https:\/\/karstexplo.fr\/blog\/index.php?rest_route=%2Fwp%2Fv2%2Ftags&post=599"}],"curies":[{"name":"wp","href":"https:\/\/api.w.org\/{rel}","templated":true}]}}