{"id":617,"date":"2015-06-22T10:53:34","date_gmt":"2015-06-22T08:53:34","guid":{"rendered":"http:\/\/karstexplo.fr\/blog\/?p=617"},"modified":"2015-06-22T15:07:55","modified_gmt":"2015-06-22T13:07:55","slug":"quelques-explorations-pre-estivales","status":"publish","type":"post","link":"https:\/\/karstexplo.fr\/blog\/?p=617","title":{"rendered":"Quelques explorations pr\u00e9-estivales&#8230;"},"content":{"rendered":"<p style=\"text-align: justify;\">Avec un peu de retard voici le r\u00e9sultat de plusieurs s\u00e9jours dans le val d&rsquo;As\u00f3n, en avril, mai et en juin 2015 soit une quinzaine de journ\u00e9es d&rsquo;exploration, de prospection ou de d\u00e9sobstruction.<\/p>\n<p style=\"text-align: justify;\">Participants : J. Argos (AEMT), D. Boibessot, S. et P. Degouve, G. Simonnot, A. Sobrino (AEMT)<\/p>\n<h3>Secteur de la Gandara :<\/h3>\n<blockquote>\n<ul>\n<li>\n<h4>Cueva d&rsquo;Helguera :<\/h4>\n<\/li>\n<\/ul>\n<\/blockquote>\n<p style=\"text-align: justify;\">Dans l&rsquo;amont, nous nous \u00e9tions arr\u00eat\u00e9s au pied d&rsquo;une nouvelle escalade \u00e0 environ 1 km de l&rsquo;entr\u00e9e. Nous y consacrons une premi\u00e8re sortie. Au passage, nous d\u00e9couvrons que la corde d\u2019\u00e9quipement de la seconde escalade a \u00e9t\u00e9 tr\u00e8s ab\u00eem\u00e9e par une probable cascade provenant de la vo\u00fbte et que nous ne soup\u00e7onnions pas. Le bas est effiloch\u00e9 mais surtout, \u00e0 mi hauteur, la gaine est presque compl\u00e8tement arrach\u00e9e. En attendant de revoir compl\u00e8tement l\u2019\u00e9quipement, nous faisons une r\u00e9paration de fortune qui nous ralentit un peu. Au terminus, nous nous lan\u00e7ons dans l\u2019escalade et les fers \u00e0 b\u00e9ton emport\u00e9s pour s\u2019assurer dans les cro\u00fbtes stalagmitiques ne sont pas inutiles. Apr\u00e8s une mont\u00e9e d\u2019une dizaine de m\u00e8tres, le m\u00e9andre tourne nettement \u00e0 droite. Une petite travers\u00e9e permet ensuite de gagner un niveau horizontal qui prend rapidement de l\u2019ampleur. Apr\u00e8s avoir \u00e9quip\u00e9 la mont\u00e9e en fixe, nous nous retrouvons tous une vingtaine de m\u00e8tres plus haut, sur un balcon argileux dominant un conduit beaucoup plus vaste. Une premi\u00e8re tentative d\u2019\u00e9quipement vers ce qui semble \u00eatre l\u2019aval ne nous permet pas d\u2019atteindre le fond de ce conduit. Nous renouvelons l\u2019op\u00e9ration en direction de l\u2019amont et parvenons \u00e0 atteindre une belle galerie concr\u00e9tionn\u00e9e orn\u00e9e de gours et de grandes coul\u00e9es stalagmitiques. Malheureusement, celles-ci remontent progressivement jusqu\u2019\u00e0 des bases de puits estim\u00e9es \u00e0 30 ou 40 m. Nous tentons une escalade pour acc\u00e9der \u00e0 un niveau interm\u00e9diaire, mais cela ne donne rien et la suite semble bien \u00eatre au-dessus. Du c\u00f4t\u00e9 de l\u2019aval, Dom rep\u00e8re un m\u00e9andre qui revient vers la galerie avant l\u2019escalade. Il reste \u00e0 explorer.<\/p>\n<div id=\"attachment_627\" style=\"width: 410px\" class=\"wp-caption aligncenter\"><a href=\"https:\/\/karstexplo.fr\/blog\/wp-content\/uploads\/2015\/06\/1975-4-2015-2.jpg\"><img aria-describedby=\"caption-attachment-627\" decoding=\"async\" loading=\"lazy\" class=\"size-medium wp-image-627\" src=\"https:\/\/karstexplo.fr\/blog\/wp-content\/uploads\/2015\/06\/1975-4-2015-2-400x267.jpg\" alt=\"La suite du canyon apr\u00e8s l'escalade.\" width=\"400\" height=\"267\" srcset=\"https:\/\/karstexplo.fr\/blog\/wp-content\/uploads\/2015\/06\/1975-4-2015-2-400x267.jpg 400w, https:\/\/karstexplo.fr\/blog\/wp-content\/uploads\/2015\/06\/1975-4-2015-2-1024x683.jpg 1024w, https:\/\/karstexplo.fr\/blog\/wp-content\/uploads\/2015\/06\/1975-4-2015-2.jpg 1200w\" sizes=\"(max-width: 400px) 100vw, 400px\" \/><\/a><p id=\"caption-attachment-627\" class=\"wp-caption-text\">La suite du canyon apr\u00e8s l&rsquo;escalade.<\/p><\/div>\n<p style=\"text-align: justify;\">Une seconde sortie nous permet de progresser cette-fois-ci en direction de l&rsquo;aval qui lors de notre premi\u00e8re visite, en novembre 2014, aspirait violemment. Au terminus, nous \u00e9quipons la petite escalade argileuse que Dom avait d\u00e9j\u00e0 franchie \u00e0 la Toussaint. Au-dessus, apr\u00e8s un petit soupirail, le conduit replonge \u00e0 nouveau en devenant nettement plus gros. Apr\u00e8s avoir reconnu un conduit sup\u00e9rieur parall\u00e8le, nous \u00e9quipons un toboggan form\u00e9 par une belle coul\u00e9e stalagmitique. Au bas, nous franchissons une premi\u00e8re petite tr\u00e9mie le long de grandes dalles effondr\u00e9es avant d\u2019arriver \u00e0 un vaste carrefour o\u00f9 arrive une belle galerie. Nous poursuivons vers l\u2019aval o\u00f9 il nous faut traverser une seconde tr\u00e9mie assez instable. Derri\u00e8re, la galerie, toujours tr\u00e8s argileuse rejoint un actif (P.7). Nous le suivons sur une quarantaine de m\u00e8tres jusqu\u2019\u00e0 une escalade glissante (4 m) que nous franchissons sans trop de difficult\u00e9. La suite devient plus \u00e9troite et une vingtaine de m\u00e8tres plus loin nous devons nous arr\u00eater devant une \u00e9troiture imp\u00e9n\u00e9trable sans travaux. La suite ne semble gu\u00e8re r\u00e9jouissante car le conduit est fractur\u00e9. Pourtant, le courant d\u2019air s\u2019y engouffre nettement. Malgr\u00e9 cela, nous ne pensons pas entamer des travaux de d\u00e9sobstruction ici. Au retour, nous explorons la belle galerie lat\u00e9rale qui s\u2019av\u00e8re n\u2019\u00eatre qu\u2019un d\u00e9doublement du conduit principal. Au total, environ 600 m de galeries sont ajout\u00e9s au d\u00e9veloppement de la grotte.<\/p>\n<div id=\"attachment_626\" style=\"width: 277px\" class=\"wp-caption aligncenter\"><a href=\"https:\/\/karstexplo.fr\/blog\/wp-content\/uploads\/2015\/06\/1975-4-2015-1.jpg\"><img aria-describedby=\"caption-attachment-626\" decoding=\"async\" loading=\"lazy\" class=\"size-medium wp-image-626\" src=\"https:\/\/karstexplo.fr\/blog\/wp-content\/uploads\/2015\/06\/1975-4-2015-1-267x400.jpg\" alt=\"Petit actif dans le r\u00e9seau aval. L'actif principal, lui, n'a pas \u00e9t\u00e9 retrouv\u00e9.\" width=\"267\" height=\"400\" srcset=\"https:\/\/karstexplo.fr\/blog\/wp-content\/uploads\/2015\/06\/1975-4-2015-1-267x400.jpg 267w, https:\/\/karstexplo.fr\/blog\/wp-content\/uploads\/2015\/06\/1975-4-2015-1-683x1024.jpg 683w, https:\/\/karstexplo.fr\/blog\/wp-content\/uploads\/2015\/06\/1975-4-2015-1.jpg 800w\" sizes=\"(max-width: 267px) 100vw, 267px\" \/><\/a><p id=\"caption-attachment-626\" class=\"wp-caption-text\">Petit actif dans le r\u00e9seau aval. L&rsquo;actif principal, lui, n&rsquo;a pas \u00e9t\u00e9 retrouv\u00e9.<\/p><\/div>\n<p style=\"text-align: justify;\">En amont de la cueva nous avons explor\u00e9 plusieurs petites cavit\u00e9s sans grand int\u00e9r\u00eat et qui, en tout cas, ne nous ont gu\u00e8re \u00e9clair\u00e9s sur l&rsquo;origine de ce drain perch\u00e9.<\/p>\n<h3>Secteur de l&rsquo;Alto del Tejuelo &#8211; canal del Haya :<\/h3>\n<p style=\"text-align: justify;\">Les explorations successives de <strong>la torca 2198<\/strong> et de sa voisine <strong>la torca Dixit<\/strong> se sont rapidement heurt\u00e9s \u00e0 des remplissages imp\u00e9n\u00e9trables \u00e0 respectivement -118 m et -60 m. Dans le gouffre des Narines tout proche nous avons tout juste d\u00e9pass\u00e9 la profondeur de 30 m. Nous avons donc poursuivi les prospections ce qui nous a permis de d\u00e9couvrir de nouvelles entr\u00e9es aux acc\u00e8s souvent improbables.<\/p>\n<div id=\"attachment_623\" style=\"width: 410px\" class=\"wp-caption aligncenter\"><a href=\"https:\/\/karstexplo.fr\/blog\/wp-content\/uploads\/2015\/06\/P6160426.jpg\"><img aria-describedby=\"caption-attachment-623\" decoding=\"async\" loading=\"lazy\" class=\"size-medium wp-image-623\" src=\"https:\/\/karstexplo.fr\/blog\/wp-content\/uploads\/2015\/06\/P6160426-400x267.jpg\" alt=\"Dans la partie sup\u00e9rieure du canyon Ouest de la Cayuela\" width=\"400\" height=\"267\" srcset=\"https:\/\/karstexplo.fr\/blog\/wp-content\/uploads\/2015\/06\/P6160426-400x267.jpg 400w, https:\/\/karstexplo.fr\/blog\/wp-content\/uploads\/2015\/06\/P6160426-1024x683.jpg 1024w, https:\/\/karstexplo.fr\/blog\/wp-content\/uploads\/2015\/06\/P6160426.jpg 1200w\" sizes=\"(max-width: 400px) 100vw, 400px\" \/><\/a><p id=\"caption-attachment-623\" class=\"wp-caption-text\">Dans la partie sup\u00e9rieure du canyon Ouest de la Cayuela<\/p><\/div>\n<h3>Secteur Cayuela &#8211; Socueva :<\/h3>\n<blockquote>\n<ul>\n<li>\n<h4>Cueva Cayuela<\/h4>\n<\/li>\n<\/ul>\n<\/blockquote>\n<p style=\"text-align: justify;\">La cueva Cayuela a \u00e9t\u00e9 \u00e0 plusieurs reprises un refuge bien commode lorsque le mauvais temps nous emp\u00eachait d&rsquo;aller plus haut en altitude. C&rsquo;est principalement dans le fond du canyon Ouest que nous avons concentr\u00e9 nos recherches et notre travail de mise \u00e0 jour de la topographie. Tout d&rsquo;abord au niveau des actifs o\u00f9 la topographie \u00e9tait quasiment inexistante hormis le drain principal. Cela nous a donn\u00e9 l&rsquo;occasion de revoir un certain nombre de points d&rsquo;interrogation qui se sont sold\u00e9s par quelques travaux de d\u00e9sobstruction et une courte escalade qui dans tous les cas se sont heurt\u00e9s \u00e0 la m\u00eame tr\u00e9mie. Dans le m\u00eame secteur, nous avons refait l&rsquo;escalade pour atteindre le haut du canyon et la galerie sup\u00e9rieure. Celle-ci, explor\u00e9e pour la premi\u00e8re fois en 1968 par le SCD, avait bien \u00e9t\u00e9 fouill\u00e9 et nous nous sommes content\u00e9 de refaire une visite pour constater que l\u00e0 encore, le colmatage du conduit est total et sans appel.<\/p>\n<div id=\"attachment_620\" style=\"width: 310px\" class=\"wp-caption aligncenter\"><a href=\"https:\/\/karstexplo.fr\/blog\/wp-content\/uploads\/2015\/06\/Cayuela-AfflCanyonW_03.jpg\"><img aria-describedby=\"caption-attachment-620\" decoding=\"async\" loading=\"lazy\" class=\"size-medium wp-image-620\" src=\"https:\/\/karstexplo.fr\/blog\/wp-content\/uploads\/2015\/06\/Cayuela-AfflCanyonW_03-300x400.jpg\" alt=\"La rivi\u00e8re, peu avant la tr\u00e9mie terminale.\" width=\"300\" height=\"400\" srcset=\"https:\/\/karstexplo.fr\/blog\/wp-content\/uploads\/2015\/06\/Cayuela-AfflCanyonW_03-300x400.jpg 300w, https:\/\/karstexplo.fr\/blog\/wp-content\/uploads\/2015\/06\/Cayuela-AfflCanyonW_03-768x1024.jpg 768w, https:\/\/karstexplo.fr\/blog\/wp-content\/uploads\/2015\/06\/Cayuela-AfflCanyonW_03.jpg 800w\" sizes=\"(max-width: 300px) 100vw, 300px\" \/><\/a><p id=\"caption-attachment-620\" class=\"wp-caption-text\">La rivi\u00e8re, peu avant la tr\u00e9mie terminale.<\/p><\/div>\n<blockquote>\n<ul>\n<li>\n<h4>Torca del Chorrillo<\/h4>\n<\/li>\n<\/ul>\n<\/blockquote>\n<p style=\"text-align: justify;\">Nous sommes retourn\u00e9s dans ce petit gouffre situ\u00e9 approximativement \u00e0 l&rsquo;aplomb de la cueva de la Carrera. Accompagn\u00e9s d&rsquo;Anna et de Juanjo de l&rsquo;AEMT (Santo\u00f1a), nous avons d\u00e9sobstru\u00e9 un passage \u00e9troit vers -60 m et qui \u00e9tait bien ventil\u00e9 lors de nos premi\u00e8res explos. Malheureusement le courant d&rsquo;air n&rsquo;\u00e9tait plus au rendez-vous et, apr\u00e8s avoir agrandi le passage, nous nous sommes rapidement arr\u00eat\u00e9s devant une fissure minuscule \u00e0 la profondeur de -80 m. Dans le puits terminal, Juanjo a \u00e9galement r\u00e9alis\u00e9 une travers\u00e9e pour atteindre une belle lucarne. Mais il s&rsquo;est \u00e9galement heurt\u00e9 \u00e0 une fissure imp\u00e9n\u00e9trable apr\u00e8s une courte escalade. Le gouffre a \u00e9t\u00e9 d\u00e9s\u00e9quip\u00e9.<\/p>\n<div id=\"attachment_628\" style=\"width: 277px\" class=\"wp-caption aligncenter\"><a href=\"https:\/\/karstexplo.fr\/blog\/wp-content\/uploads\/2015\/06\/2232-2.jpg\"><img aria-describedby=\"caption-attachment-628\" decoding=\"async\" loading=\"lazy\" class=\"size-medium wp-image-628\" src=\"https:\/\/karstexplo.fr\/blog\/wp-content\/uploads\/2015\/06\/2232-2-267x400.jpg\" alt=\"Grande doline, en amont du Canal del Haya\" width=\"267\" height=\"400\" srcset=\"https:\/\/karstexplo.fr\/blog\/wp-content\/uploads\/2015\/06\/2232-2-267x400.jpg 267w, https:\/\/karstexplo.fr\/blog\/wp-content\/uploads\/2015\/06\/2232-2-683x1024.jpg 683w, https:\/\/karstexplo.fr\/blog\/wp-content\/uploads\/2015\/06\/2232-2.jpg 800w\" sizes=\"(max-width: 267px) 100vw, 267px\" \/><\/a><p id=\"caption-attachment-628\" class=\"wp-caption-text\">Grande doline, en amont du Canal del Haya<\/p><\/div>\n","protected":false},"excerpt":{"rendered":"<p>Avec un peu de retard voici le r\u00e9sultat de plusieurs s\u00e9jours dans le val d&rsquo;As\u00f3n, en avril, mai et en juin 2015 soit une quinzaine de journ\u00e9es d&rsquo;exploration, de prospection ou de d\u00e9sobstruction. Participants : J. Argos (AEMT), D. Boibessot, S. et P. Degouve, G. Simonnot, A. Sobrino (AEMT) Secteur de la Gandara : Cueva [&hellip;]<\/p>\n","protected":false},"author":1,"featured_media":0,"comment_status":"open","ping_status":"open","sticky":false,"template":"","format":"standard","meta":[],"categories":[4],"tags":[],"_links":{"self":[{"href":"https:\/\/karstexplo.fr\/blog\/index.php?rest_route=\/wp\/v2\/posts\/617"}],"collection":[{"href":"https:\/\/karstexplo.fr\/blog\/index.php?rest_route=\/wp\/v2\/posts"}],"about":[{"href":"https:\/\/karstexplo.fr\/blog\/index.php?rest_route=\/wp\/v2\/types\/post"}],"author":[{"embeddable":true,"href":"https:\/\/karstexplo.fr\/blog\/index.php?rest_route=\/wp\/v2\/users\/1"}],"replies":[{"embeddable":true,"href":"https:\/\/karstexplo.fr\/blog\/index.php?rest_route=%2Fwp%2Fv2%2Fcomments&post=617"}],"version-history":[{"count":10,"href":"https:\/\/karstexplo.fr\/blog\/index.php?rest_route=\/wp\/v2\/posts\/617\/revisions"}],"predecessor-version":[{"id":636,"href":"https:\/\/karstexplo.fr\/blog\/index.php?rest_route=\/wp\/v2\/posts\/617\/revisions\/636"}],"wp:attachment":[{"href":"https:\/\/karstexplo.fr\/blog\/index.php?rest_route=%2Fwp%2Fv2%2Fmedia&parent=617"}],"wp:term":[{"taxonomy":"category","embeddable":true,"href":"https:\/\/karstexplo.fr\/blog\/index.php?rest_route=%2Fwp%2Fv2%2Fcategories&post=617"},{"taxonomy":"post_tag","embeddable":true,"href":"https:\/\/karstexplo.fr\/blog\/index.php?rest_route=%2Fwp%2Fv2%2Ftags&post=617"}],"curies":[{"name":"wp","href":"https:\/\/api.w.org\/{rel}","templated":true}]}}