{"id":665,"date":"2015-09-02T19:09:07","date_gmt":"2015-09-02T17:09:07","guid":{"rendered":"http:\/\/karstexplo.fr\/blog\/?p=665"},"modified":"2015-09-04T18:01:06","modified_gmt":"2015-09-04T16:01:06","slug":"bilan-des-explorations-estivales-en-cantabria-2","status":"publish","type":"post","link":"https:\/\/karstexplo.fr\/blog\/?p=665","title":{"rendered":"Bilan des explorations estivales en Cantabria"},"content":{"rendered":"<p style=\"text-align: justify;\"><em>Dans un article pr\u00e9c\u00e9dent, nous annoncions un \u00e9t\u00e9 chaud. Nous ne nous \u00e9tions gu\u00e8re tromp\u00e9s et m\u00eame si nous avons \u00e9chapp\u00e9 \u00e0 la canicule, nous avons b\u00e9n\u00e9fici\u00e9 d&rsquo;une m\u00e9t\u00e9o plut\u00f4t cl\u00e9mente pour notre activit\u00e9 avec plus de 25 sorties r\u00e9parties sur les mois de juillet et d&rsquo;ao\u00fbt. Comme chaque ann\u00e9e, de petites \u00e9quipes venues d&rsquo;horizons et de clubs tr\u00e8s divers se sont relay\u00e9es pour poursuivre les recherches sur le massif (S.A.C. de Bucey les Gy, le S.C. Vesoul, la Musaraigne d&rsquo;Autun, le G.S.H.P. de Tarbes, l&rsquo;A.S.P.P. Jura, et des groupes espagnols, l&rsquo;AER de Ramales, l&rsquo;AEMT de Santo\u00f1a, l&rsquo;ADES de Gernika). <\/em><\/p>\n<p style=\"text-align: justify;\"><em>L&rsquo;\u00e9t\u00e9 2014 avait \u00e9t\u00e9 marqu\u00e9 par l&rsquo;aboutissement de d\u00e9sobstructions commenc\u00e9es de longue dates. En 2015, nous avons pu continuer d&rsquo;en r\u00e9colter les fruits m\u00eame si certaines d\u00e9couvertes n&rsquo;ont pu se r\u00e9aliser qu&rsquo;\u00e0 grand renfort de massettes et de burins. La Cantabria des grands volumes se m\u00e9rite aussi&#8230; Au del\u00e0 des chiffres (plus de 6200 m de nouvelles topographies) c&rsquo;est surtout la d\u00e9couverte de cavit\u00e9s dans des secteurs jusqu&rsquo;alors vierges de tout conduits souterrains qui est int\u00e9ressante. C&rsquo;est principalement le cas pour la cueva de Carcabon qui se livre peu \u00e0 peu en nous \u00e9clairant enfin sur l&rsquo;origine de la fuente Ise\u00f1a.<\/em><\/p>\n<div id=\"attachment_672\" style=\"width: 410px\" class=\"wp-caption aligncenter\"><a href=\"https:\/\/karstexplo.fr\/blog\/wp-content\/uploads\/2015\/09\/08-2015-3.jpg\"><img aria-describedby=\"caption-attachment-672\" decoding=\"async\" loading=\"lazy\" class=\"size-medium wp-image-672\" src=\"https:\/\/karstexplo.fr\/blog\/wp-content\/uploads\/2015\/09\/08-2015-3-400x267.jpg\" alt=\"Dans la galerie des Marches (cueva de Carcabon)\" width=\"400\" height=\"267\" srcset=\"https:\/\/karstexplo.fr\/blog\/wp-content\/uploads\/2015\/09\/08-2015-3-400x267.jpg 400w, https:\/\/karstexplo.fr\/blog\/wp-content\/uploads\/2015\/09\/08-2015-3-1024x683.jpg 1024w, https:\/\/karstexplo.fr\/blog\/wp-content\/uploads\/2015\/09\/08-2015-3.jpg 1200w\" sizes=\"(max-width: 400px) 100vw, 400px\" \/><\/a><p id=\"caption-attachment-672\" class=\"wp-caption-text\">Dans la galerie des Marches (cueva de Carcabon)<\/p><\/div>\n<h3 style=\"text-align: justify;\">Secteur de la G<span class=\"Estilo12\"><span class=\"Estilo21\">\u00e1<\/span><\/span>ndara :<\/h3>\n<p style=\"text-align: justify;\">D&rsquo;aucun s&rsquo;\u00e9tonnent que nous ne cherchions pas plus \u00e0 grapiller les m\u00e8tres de premi\u00e8re dans ce r\u00e9seau gigantesque qui est loin d&rsquo;avoir tout livr\u00e9. Ce n&rsquo;est ni de la n\u00e9gligence, ni de la lassitude apr\u00e8s ces ann\u00e9es fastes o\u00f9 la d\u00e9couverte pouvait sembler d&rsquo;une facilit\u00e9 d\u00e9concertante. Bien au contraire. Dans ce r\u00e9seau, il reste une grande inconnue qui donne naissance \u00e0 la branche sud du collecteur. C&rsquo;est elle que nous cherchons \u00e0 r\u00e9soudre et il n&rsquo;est pas certain que ce soit par les galeries connues que nous y parvenions. Petit \u00e0 petit, la compr\u00e9hension du syst\u00e8me dans son ensemble nous permet de mieux cibler nos objectifs. Cela s&rsquo;est traduit par l&rsquo;ouverture du Cubillo Fraile mais aussi par de nombreuses prospections et d\u00e9sobstructions dans les environs de la Lunada. Ce n&rsquo;est pas facile, c&rsquo;est besogneux et ingrat, pour le moment les r\u00e9sultats sont maigres mais c&rsquo;\u00e9tait d\u00e9j\u00e0 le cas avant que nous acc\u00e9dions au r\u00e9seau actuel en 2001. Alors&#8230;.<\/p>\n<p style=\"text-align: justify;\">En marge de ces recherches, nous avons repris l&rsquo;exploration de la cueva de la Piel de Najanra sur le versant ouest du Pic\u00f2n del Fraile. Malgr\u00e9 un bon courant d&rsquo;air aspirant nous n&rsquo;avons r\u00e9ussi \u00e0 progresser que de 300 m, en multipliant les d\u00e9sobstructions dans un interstrate marneux situ\u00e9 une vingtaine de m\u00e8tres plus haut que les galeries de la cueva des Calligraphes.<\/p>\n<div id=\"attachment_686\" style=\"width: 277px\" class=\"wp-caption aligncenter\"><a href=\"https:\/\/karstexplo.fr\/blog\/wp-content\/uploads\/2015\/09\/08-2015-16.jpg\"><img aria-describedby=\"caption-attachment-686\" decoding=\"async\" loading=\"lazy\" class=\"size-medium wp-image-686\" src=\"https:\/\/karstexplo.fr\/blog\/wp-content\/uploads\/2015\/09\/08-2015-16-267x400.jpg\" alt=\"D\u00e9sobstruction dans la cueva de la Piel de Najanra\" width=\"267\" height=\"400\" srcset=\"https:\/\/karstexplo.fr\/blog\/wp-content\/uploads\/2015\/09\/08-2015-16-267x400.jpg 267w, https:\/\/karstexplo.fr\/blog\/wp-content\/uploads\/2015\/09\/08-2015-16-683x1024.jpg 683w, https:\/\/karstexplo.fr\/blog\/wp-content\/uploads\/2015\/09\/08-2015-16.jpg 1000w\" sizes=\"(max-width: 267px) 100vw, 267px\" \/><\/a><p id=\"caption-attachment-686\" class=\"wp-caption-text\">D\u00e9sobstruction dans la cueva de la Piel de Najanra<\/p><\/div>\n<p>&nbsp;<\/p>\n<h3>R\u00e9seau de l&rsquo;alto de Tejuelo-Muela et environs :<\/h3>\n<p>&nbsp;<\/p>\n<ul>\n<li>\n<h4>Torca de los Tres Ojos :<\/h4>\n<\/li>\n<\/ul>\n<p style=\"text-align: justify;\">Le puits sur lequel nous nous \u00e9tions arr\u00eat\u00e9s en juillet dernier mesure en fait 62 m. Au bas, nous avons \u00e9t\u00e9 confront\u00e9s \u00e0 une s\u00e9rie de m\u00e9andres \u00e9troits entrecoup\u00e9s de petits puits. Plusieurs \u00e9troitures ont du \u00eatre d\u00e9sobstru\u00e9es. Derri\u00e8re, deux puits de 43 m et 17 m nous ont conduits vers un niveau de galeries (altitude moyenne : 450 m) que nous avons pu parcourir sur plusieurs centaines de m\u00e8tres en amont et en aval. Pour le moment, nous sommes bloqu\u00e9s par des tr\u00e9mies et des remplissages (d\u00e9veloppement total : 1070 m, d\u00e9nivel\u00e9 : 241 m).<\/p>\n<div id=\"attachment_671\" style=\"width: 277px\" class=\"wp-caption aligncenter\"><a href=\"https:\/\/karstexplo.fr\/blog\/wp-content\/uploads\/2015\/09\/08-2015-2.jpg\"><img aria-describedby=\"caption-attachment-671\" decoding=\"async\" loading=\"lazy\" class=\"size-medium wp-image-671\" src=\"https:\/\/karstexplo.fr\/blog\/wp-content\/uploads\/2015\/09\/08-2015-2-267x400.jpg\" alt=\"P.17 \u00e0 -130 m.\" width=\"267\" height=\"400\" srcset=\"https:\/\/karstexplo.fr\/blog\/wp-content\/uploads\/2015\/09\/08-2015-2-267x400.jpg 267w, https:\/\/karstexplo.fr\/blog\/wp-content\/uploads\/2015\/09\/08-2015-2-683x1024.jpg 683w, https:\/\/karstexplo.fr\/blog\/wp-content\/uploads\/2015\/09\/08-2015-2.jpg 1200w\" sizes=\"(max-width: 267px) 100vw, 267px\" \/><\/a><p id=\"caption-attachment-671\" class=\"wp-caption-text\">P.17 \u00e0 -130 m.<\/p><\/div>\n<p style=\"text-align: justify;\">Plus en aval dans le canal del Haya, nous avons repris l&rsquo;exploration de deux petites torcas (torca de los Romanos et torca de las Platijas). La premi\u00e8re, malgr\u00e9 un courant d&rsquo;air violent, s&rsquo;arr\u00eate \u00e0 -30 m sur un puits tr\u00e8s \u00e9troit (fracture) dans lequel des travaux de d\u00e9sobstruction paraissent tr\u00e8s difficiles. Dans la seconde, moins ventil\u00e9e, nous nous sommes arr\u00eat\u00e9s au sommet d&rsquo;un P.20 derri\u00e8re un m\u00e9andre tr\u00e8s \u00e9troit (\u00e0 suivre). D&rsquo;autres cavit\u00e9s ont \u00e9t\u00e9 rep\u00e9r\u00e9es mais se situent au-dessus de parties connues du r\u00e9seau, ce qui en limite l&rsquo;int\u00e9r\u00eat et explique que leur exploration n&rsquo;a pas \u00e9t\u00e9 prioritaire.<\/p>\n<div id=\"attachment_679\" style=\"width: 410px\" class=\"wp-caption aligncenter\"><a href=\"https:\/\/karstexplo.fr\/blog\/wp-content\/uploads\/2015\/09\/08-2015-10.jpg\"><img aria-describedby=\"caption-attachment-679\" decoding=\"async\" loading=\"lazy\" class=\"size-medium wp-image-679\" src=\"https:\/\/karstexplo.fr\/blog\/wp-content\/uploads\/2015\/09\/08-2015-10-400x267.jpg\" alt=\"Les galeries fossiles de la torca de los Tres Ojos (-240 m)\" width=\"400\" height=\"267\" srcset=\"https:\/\/karstexplo.fr\/blog\/wp-content\/uploads\/2015\/09\/08-2015-10-400x267.jpg 400w, https:\/\/karstexplo.fr\/blog\/wp-content\/uploads\/2015\/09\/08-2015-10-1024x683.jpg 1024w, https:\/\/karstexplo.fr\/blog\/wp-content\/uploads\/2015\/09\/08-2015-10.jpg 1200w\" sizes=\"(max-width: 400px) 100vw, 400px\" \/><\/a><p id=\"caption-attachment-679\" class=\"wp-caption-text\">Les galeries fossiles de la torca de los Tres Ojos (-240 m)<\/p><\/div>\n<ul>\n<li style=\"text-align: justify;\">\n<h4>Torca del Pasillo :<\/h4>\n<\/li>\n<\/ul>\n<p style=\"text-align: justify;\">L&rsquo;an pass\u00e9, nous avions d\u00e9couvert une galerie se dirigeant vers le sud et donc se rapprochant de la torca Aitken qui rappelons-le, n&rsquo;a toujours pas \u00e9t\u00e9 raccord\u00e9e au r\u00e9seau de l&rsquo;alto de Tejuelo. Nous y sommes donc retourn\u00e9s \u00e0 deux reprises cette ann\u00e9e, guid\u00e9s par un courant d&rsquo;air franc, du moins au d\u00e9but. En fait, cela s&rsquo;est vite g\u00e2t\u00e9 car rapidement nous nous sommes retrouv\u00e9s dans un labyrinthe de petits conduits, souvent glaiseux et parfois chaotiques. Gotzon l&rsquo;a d&rsquo;ailleurs baptis\u00e9e \u00ab\u00a0galeria fea\u00a0\u00bb(galerie moche). Le courant d&rsquo;air a toujours \u00e9t\u00e9 notre fil directeur et nous a permis de retrouver quelques tron\u00e7ons de belles galeries se d\u00e9veloppant suivant un axe est-ouest et donc parall\u00e8le aux conduits en amont de la torca Aitken. Au total, nous avons topographi\u00e9 p\u00e9niblement 800 m de galeries sans pour autant avoir retrouv\u00e9 l&rsquo;aval de cet axe d&rsquo;o\u00f9 provient l&rsquo;essentiel du courant d&rsquo;air.<\/p>\n<div id=\"attachment_683\" style=\"width: 410px\" class=\"wp-caption aligncenter\"><a href=\"https:\/\/karstexplo.fr\/blog\/wp-content\/uploads\/2015\/09\/08-2015-14.jpg\"><img aria-describedby=\"caption-attachment-683\" decoding=\"async\" loading=\"lazy\" class=\"size-medium wp-image-683\" src=\"https:\/\/karstexplo.fr\/blog\/wp-content\/uploads\/2015\/09\/08-2015-14-400x300.jpg\" alt=\"Dans la torca Aitken\" width=\"400\" height=\"300\" srcset=\"https:\/\/karstexplo.fr\/blog\/wp-content\/uploads\/2015\/09\/08-2015-14-400x300.jpg 400w, https:\/\/karstexplo.fr\/blog\/wp-content\/uploads\/2015\/09\/08-2015-14-1024x768.jpg 1024w, https:\/\/karstexplo.fr\/blog\/wp-content\/uploads\/2015\/09\/08-2015-14.jpg 1200w\" sizes=\"(max-width: 400px) 100vw, 400px\" \/><\/a><p id=\"caption-attachment-683\" class=\"wp-caption-text\">Dans la torca Aitken<\/p><\/div>\n<h3 style=\"text-align: justify;\">Cueva de Carcabon :<\/h3>\n<p style=\"text-align: justify;\">C&rsquo;est sans aucun doute la d\u00e9couverte majeure de cet \u00e9t\u00e9 que nous avons partag\u00e9e avec nos amis de l&rsquo;AER (Ramales). Apr\u00e8s une premi\u00e8re sortie en juillet (voir <a href=\"https:\/\/karstexplo.fr\/blog\/?p=638\">compte rendu du 16 juillet dernier<\/a>), nous n&rsquo;avons pu y retourner qu&rsquo;\u00e0 deux reprises pour pousser plus loin l&rsquo;exploration. Deux autres sorties ont \u00e9t\u00e9 consacr\u00e9es \u00e0 l&rsquo;am\u00e9nagement de certains passages particuli\u00e8rement p\u00e9nibles et concentr\u00e9s dans la premi\u00e8re partie de la grotte. Une autre sortie s&rsquo;est sold\u00e9e par un repli strat\u00e9gique devant la mont\u00e9e pas vraiment pr\u00e9vue du niveau de l&rsquo;eau.<\/p>\n<p style=\"text-align: justify;\">A ce jour, la cavit\u00e9 d\u00e9veloppe 5700 m de galeries dont une bonne moiti\u00e9 se trouve en zone \u00e9pinoy\u00e9e comme le prouvent les donn\u00e9es fournies par un reefnet pos\u00e9 dans le premier lac il y a tout juste un an. Celles-ci r\u00e9v\u00e8lent des mont\u00e9es d&rsquo;eau de plus de 20 m principalement durant l&rsquo;hiver et le printemps o\u00f9 la pluviom\u00e9trie a \u00e9t\u00e9 particuli\u00e8rement \u00e9lev\u00e9e. Nos observations in situ nous ont \u00e9galement montr\u00e9s qu&rsquo;il suffit d&rsquo;une mont\u00e9e d&rsquo;eau d&rsquo;environ 1,5 m pour nous interdire l&rsquo;acc\u00e8s aux galeries au-del\u00e0 du second lac (env. 600 m de l&rsquo;entr\u00e9e).<\/p>\n<div id=\"attachment_681\" style=\"width: 311px\" class=\"wp-caption aligncenter\"><a href=\"https:\/\/karstexplo.fr\/blog\/wp-content\/uploads\/2015\/09\/08-2015-12.jpg\"><img aria-describedby=\"caption-attachment-681\" decoding=\"async\" loading=\"lazy\" class=\"size-medium wp-image-681\" src=\"https:\/\/karstexplo.fr\/blog\/wp-content\/uploads\/2015\/09\/08-2015-12-301x400.jpg\" alt=\"Ricardo devant le 2\u00b0 lac. La sortie est \u00e0 l'eau !\" width=\"301\" height=\"400\" srcset=\"https:\/\/karstexplo.fr\/blog\/wp-content\/uploads\/2015\/09\/08-2015-12-301x400.jpg 301w, https:\/\/karstexplo.fr\/blog\/wp-content\/uploads\/2015\/09\/08-2015-12-771x1024.jpg 771w, https:\/\/karstexplo.fr\/blog\/wp-content\/uploads\/2015\/09\/08-2015-12.jpg 1200w\" sizes=\"(max-width: 301px) 100vw, 301px\" \/><\/a><p id=\"caption-attachment-681\" class=\"wp-caption-text\">Ricardo devant le 2\u00b0 lac. La sortie est \u00e0 l&rsquo;eau !<\/p><\/div>\n<p style=\"text-align: justify;\">Lors de notre tentative d&rsquo;exploration du 8 ao\u00fbt dernier, la m\u00e9t\u00e9o \u00e0 Ramales \u00e9tait plut\u00f4t cl\u00e9mente. La bruine, qui avait bien du mal \u00e0 humidifier le sol et les cultures, ne nous inqui\u00e9tait pas vraiment. Pourtant au premier lac le niveau avait grimp\u00e9 de plus de 60 cm par rapport au niveau d&rsquo;\u00e9tiage. Au second lac, ce fut la consternation car le plan d&rsquo;eau siphonnait presque compl\u00e8tement. Nous n&rsquo;avons bien s\u00fbr pas tent\u00e9 le diable et avons battu en retraite sans trop tra\u00eener. Entretemps (1h) le niveau \u00e9tait mont\u00e9 de 10 cm. En fait, en regardant les statistiques m\u00e9t\u00e9o, Gelo constata qu&rsquo;il avait plu sur Soba c&rsquo;est \u00e0 dire bien en amont sur les hauteurs du massif. Tout cela indique qu&rsquo;il faudra d\u00e9sormais faire preuve de la plus grande vigilance lors des futures explorations d&rsquo;autant plus qu&rsquo;il devient difficile de rester moins de 10 \u00e0 12 h sous terre.<\/p>\n<div id=\"attachment_680\" style=\"width: 410px\" class=\"wp-caption aligncenter\"><a href=\"https:\/\/karstexplo.fr\/blog\/wp-content\/uploads\/2015\/09\/08-2015-11.jpg\"><img aria-describedby=\"caption-attachment-680\" decoding=\"async\" loading=\"lazy\" class=\"size-medium wp-image-680\" src=\"https:\/\/karstexplo.fr\/blog\/wp-content\/uploads\/2015\/09\/08-2015-11-400x267.jpg\" alt=\"Le second lac lors de la sortie du 8 ao\u00fbt. Quelques m\u00e8tres plus loin cela siphonne pratiquement.\" width=\"400\" height=\"267\" srcset=\"https:\/\/karstexplo.fr\/blog\/wp-content\/uploads\/2015\/09\/08-2015-11-400x267.jpg 400w, https:\/\/karstexplo.fr\/blog\/wp-content\/uploads\/2015\/09\/08-2015-11-1024x683.jpg 1024w, https:\/\/karstexplo.fr\/blog\/wp-content\/uploads\/2015\/09\/08-2015-11.jpg 1200w\" sizes=\"(max-width: 400px) 100vw, 400px\" \/><\/a><p id=\"caption-attachment-680\" class=\"wp-caption-text\">Le second lac lors de la sortie du 8 ao\u00fbt. Quelques m\u00e8tres plus loin cela siphonne pratiquement.<\/p><\/div>\n<p style=\"text-align: justify;\">Actuellement nos explorations les plus \u00e9loign\u00e9es se sont arr\u00eat\u00e9es \u00e0 environ 3 km de l&rsquo;entr\u00e9e dans une zone assez labyrinthique o\u00f9 le courant d&rsquo;air reste tr\u00e8s pr\u00e9sent. Une galerie fossile de grandes dimensions double en partie ce drain \u00e9pinoy\u00e9. Dans celle-ci nous nous arr\u00eatons sur puits dans deux branches dont l&rsquo;une se dirige plut\u00f4t vers le nord et le massif de l&rsquo;Hornijo.<\/p>\n<h3 style=\"text-align: justify;\">Vall\u00e9e de Rolacia<\/h3>\n<p style=\"text-align: justify;\"><strong>La cueva de Cerilla<\/strong> avait \u00e9t\u00e9 visiblement parcourue par le SCP dans les ann\u00e9es 80. Nous l&rsquo;avions retrouv\u00e9e en 1981 sans toutefois en dresser la topographie. Il n&rsquo;est jamais trop tard pour bien faire et profitant de quelques journ\u00e9es de repos, nous sommes remont\u00e9s sur les pentes raides de Rolacia pour r\u00e9parer cet oubli. Bien nous en a pris car nous avons pu \u00e9toffer un peu le d\u00e9veloppement (700 m) en ajoutant quelques affluents qui n&rsquo;avaient pas \u00e9t\u00e9 vus.<\/p>\n<div id=\"attachment_673\" style=\"width: 410px\" class=\"wp-caption aligncenter\"><a href=\"https:\/\/karstexplo.fr\/blog\/wp-content\/uploads\/2015\/09\/08-2015-4.jpg\"><img aria-describedby=\"caption-attachment-673\" decoding=\"async\" loading=\"lazy\" class=\"size-medium wp-image-673\" src=\"https:\/\/karstexplo.fr\/blog\/wp-content\/uploads\/2015\/09\/08-2015-4-400x300.jpg\" alt=\"La cueva de Cerilla n\u00b02. Au fond la pe\u00f1a Lavalle.\" width=\"400\" height=\"300\" srcset=\"https:\/\/karstexplo.fr\/blog\/wp-content\/uploads\/2015\/09\/08-2015-4-400x300.jpg 400w, https:\/\/karstexplo.fr\/blog\/wp-content\/uploads\/2015\/09\/08-2015-4-1024x768.jpg 1024w, https:\/\/karstexplo.fr\/blog\/wp-content\/uploads\/2015\/09\/08-2015-4.jpg 1200w\" sizes=\"(max-width: 400px) 100vw, 400px\" \/><\/a><p id=\"caption-attachment-673\" class=\"wp-caption-text\">La cueva de Cerilla n\u00b02. Au fond la pe\u00f1a Lavalle.<\/p><\/div>\n<p style=\"text-align: justify;\"><em>Participants aux explorations : G. Aranzabal + Josu, D. Boibessot, E. Bunoz, P. et S. Degouve, A. Fuentes, R. Martinez (Witchy), J.N. Outhier, J. Palissot, B. Pernot, Ch. Philippe, O. Regnault, M. Rodriguez, G. Simonnot<\/em><\/p>\n<div id=\"attachment_670\" style=\"width: 410px\" class=\"wp-caption aligncenter\"><a href=\"https:\/\/karstexplo.fr\/blog\/wp-content\/uploads\/2015\/09\/08-2015-1.jpg\"><img aria-describedby=\"caption-attachment-670\" decoding=\"async\" loading=\"lazy\" class=\"size-medium wp-image-670\" src=\"https:\/\/karstexplo.fr\/blog\/wp-content\/uploads\/2015\/09\/08-2015-1-400x273.jpg\" alt=\"Pasage bas dans la galerie du Festival (Carcabon)\" width=\"400\" height=\"273\" srcset=\"https:\/\/karstexplo.fr\/blog\/wp-content\/uploads\/2015\/09\/08-2015-1-400x273.jpg 400w, https:\/\/karstexplo.fr\/blog\/wp-content\/uploads\/2015\/09\/08-2015-1-1024x699.jpg 1024w, https:\/\/karstexplo.fr\/blog\/wp-content\/uploads\/2015\/09\/08-2015-1.jpg 1090w\" sizes=\"(max-width: 400px) 100vw, 400px\" \/><\/a><p id=\"caption-attachment-670\" class=\"wp-caption-text\">Pasage bas dans la galerie du Festival (Carcabon)<\/p><\/div>\n<p style=\"text-align: right;\"><em>Compte rendu Patrick Degouve<\/em><\/p>\n","protected":false},"excerpt":{"rendered":"<p>Dans un article pr\u00e9c\u00e9dent, nous annoncions un \u00e9t\u00e9 chaud. Nous ne nous \u00e9tions gu\u00e8re tromp\u00e9s et m\u00eame si nous avons \u00e9chapp\u00e9 \u00e0 la canicule, nous avons b\u00e9n\u00e9fici\u00e9 d&rsquo;une m\u00e9t\u00e9o plut\u00f4t cl\u00e9mente pour notre activit\u00e9 avec plus de 25 sorties r\u00e9parties sur les mois de juillet et d&rsquo;ao\u00fbt. Comme chaque ann\u00e9e, de petites \u00e9quipes venues d&rsquo;horizons [&hellip;]<\/p>\n","protected":false},"author":1,"featured_media":0,"comment_status":"open","ping_status":"open","sticky":false,"template":"","format":"standard","meta":[],"categories":[1,4],"tags":[50,51,38,49,52,21],"_links":{"self":[{"href":"https:\/\/karstexplo.fr\/blog\/index.php?rest_route=\/wp\/v2\/posts\/665"}],"collection":[{"href":"https:\/\/karstexplo.fr\/blog\/index.php?rest_route=\/wp\/v2\/posts"}],"about":[{"href":"https:\/\/karstexplo.fr\/blog\/index.php?rest_route=\/wp\/v2\/types\/post"}],"author":[{"embeddable":true,"href":"https:\/\/karstexplo.fr\/blog\/index.php?rest_route=\/wp\/v2\/users\/1"}],"replies":[{"embeddable":true,"href":"https:\/\/karstexplo.fr\/blog\/index.php?rest_route=%2Fwp%2Fv2%2Fcomments&post=665"}],"version-history":[{"count":11,"href":"https:\/\/karstexplo.fr\/blog\/index.php?rest_route=\/wp\/v2\/posts\/665\/revisions"}],"predecessor-version":[{"id":693,"href":"https:\/\/karstexplo.fr\/blog\/index.php?rest_route=\/wp\/v2\/posts\/665\/revisions\/693"}],"wp:attachment":[{"href":"https:\/\/karstexplo.fr\/blog\/index.php?rest_route=%2Fwp%2Fv2%2Fmedia&parent=665"}],"wp:term":[{"taxonomy":"category","embeddable":true,"href":"https:\/\/karstexplo.fr\/blog\/index.php?rest_route=%2Fwp%2Fv2%2Fcategories&post=665"},{"taxonomy":"post_tag","embeddable":true,"href":"https:\/\/karstexplo.fr\/blog\/index.php?rest_route=%2Fwp%2Fv2%2Ftags&post=665"}],"curies":[{"name":"wp","href":"https:\/\/api.w.org\/{rel}","templated":true}]}}