{"id":840,"date":"2017-04-12T07:37:22","date_gmt":"2017-04-12T05:37:22","guid":{"rendered":"http:\/\/karstexplo.fr\/blog\/?p=840"},"modified":"2017-04-12T07:43:41","modified_gmt":"2017-04-12T05:43:41","slug":"la-torca-del-carlista-a-lire-sans-moderation","status":"publish","type":"post","link":"https:\/\/karstexplo.fr\/blog\/?p=840","title":{"rendered":"La torca del Carlista, \u00e0 lire sans mod\u00e9ration&#8230;"},"content":{"rendered":"<p style=\"text-align: justify;\"><a href=\"https:\/\/karstexplo.fr\/blog\/wp-content\/uploads\/2017\/04\/Carlista.jpg\"><img decoding=\"async\" loading=\"lazy\" class=\"size-medium wp-image-842 alignleft\" src=\"https:\/\/karstexplo.fr\/blog\/wp-content\/uploads\/2017\/04\/Carlista-400x332.jpg\" alt=\"Carlista\" width=\"400\" height=\"332\" srcset=\"https:\/\/karstexplo.fr\/blog\/wp-content\/uploads\/2017\/04\/Carlista-400x332.jpg 400w, https:\/\/karstexplo.fr\/blog\/wp-content\/uploads\/2017\/04\/Carlista-768x637.jpg 768w, https:\/\/karstexplo.fr\/blog\/wp-content\/uploads\/2017\/04\/Carlista-1024x850.jpg 1024w, https:\/\/karstexplo.fr\/blog\/wp-content\/uploads\/2017\/04\/Carlista.jpg 1200w\" sizes=\"(max-width: 400px) 100vw, 400px\" \/><\/a>Les monographies sp\u00e9l\u00e9ologiques ne sont malheureusement plus tr\u00e8s fr\u00e9quentes et lorsque l&rsquo;une d&rsquo;elles para\u00eet, c&rsquo;est toujours un \u00e9v\u00e9nement. Celle qui vient d&rsquo;\u00eatre publi\u00e9e par nos amis de l&rsquo;ADES (club sp\u00e9l\u00e9o de Gernika) et du groupe Esparta, en collaboration avec l&rsquo;universit\u00e9 du Pays Basque est un mod\u00e8le du genre \u00e0 plusieurs titres. En premier lieu, il y a cette cavit\u00e9 mythique qu&rsquo;est la torca del Carlista. Jusqu&rsquo;\u00e0 ce jour, elle se r\u00e9sumait \u00e0 la simple \u00e9vocation d&rsquo;une gigantesque salle \u00e0 la coupe caract\u00e9ristique, offrant de surcro\u00eet une jolie verticale qui a attir\u00e9 bien des sp\u00e9l\u00e9os du monde entier. Mais Carlista n&rsquo;est pas simplement une \u00ab\u00a0classique\u00a0\u00bb \u00e0 consommer pour le grand frisson, c&rsquo;est aussi une histoire passionnante o\u00f9 l&rsquo;on croise quelques figures de la sp\u00e9l\u00e9ologie basque tel Felix Ruiz de Arcaute. Si le th\u00e8me du volume gigantesque de la salle GEV reste au coeur de cet ouvrage, les auteurs ne se sont pas content\u00e9s d&rsquo;en faire une description classique. Chacun, dans sa sp\u00e9cialit\u00e9 a d\u00e9velopp\u00e9 des th\u00e8mes innovants telle cette approche topographique tri-dimensionnelle, ou cette \u00e9tude fouill\u00e9e sur l&rsquo;analyse des temp\u00e9ratures \u00e0 tous les niveaux de la cavit\u00e9. On y trouve \u00e9galement un inventaire faunistique et une \u00e9tude sur le cadre g\u00e9ologique et bien d&rsquo;autres informations in\u00e9dites. L&rsquo;ensemble est servi par une maquette et une iconographie remarquable que l&rsquo;on doit en grande partie \u00e0 Josu Granja et son \u00e9quipe. Bref c&rsquo;est un ouvrage incontournable pour tous ceux qui s&rsquo;int\u00e9ressent aux karsts du nord-ouest de l&rsquo;Espagne et ce livre sera en bonne place dans nos biblioth\u00e8que, \u00e0 c\u00f4t\u00e9 de la \u00ab\u00a0cueva de Goikoetxe\u00a0\u00bb, une autre monographie publi\u00e9e en 2011 par l&rsquo;union des Sp\u00e9l\u00e9ologues Basques.<\/p>\n<p>D&rsquo;apr\u00e8s quelques sources bien inform\u00e9es, Javi Moreno, le coordinateur du livre plancherait d\u00e9j\u00e0 sur une autre publication. C&rsquo;est certain, nous l&rsquo;attendrons avec impatience&#8230;.<\/p>\n<p style=\"text-align: right;\"><em>Patrick Degouve<\/em><\/p>\n<p>\u00a0<em><strong>La Torca del Carlista. Uno de los mayores vol\u00famenes subterr\u00e1neos del mundo<\/strong><\/em>. Coordinaci\u00f3 de Javier Moreno i Josu Granja. Bilbao: Sua Edizioak, novembre 2016. (n\u00b0 ISBN : 9 788482 166223)<\/p>\n<p>On peut se procurer l&rsquo;ouvrage chez :\u00a0<a href=\"https:\/\/www.elkar.eus\/es\/catalogo\/libros\">https:\/\/www.elkar.eus\/es\/catalogo\/libros<\/a><\/p>\n","protected":false},"excerpt":{"rendered":"<p>Les monographies sp\u00e9l\u00e9ologiques ne sont malheureusement plus tr\u00e8s fr\u00e9quentes et lorsque l&rsquo;une d&rsquo;elles para\u00eet, c&rsquo;est toujours un \u00e9v\u00e9nement. Celle qui vient d&rsquo;\u00eatre publi\u00e9e par nos amis de l&rsquo;ADES (club sp\u00e9l\u00e9o de Gernika) et du groupe Esparta, en collaboration avec l&rsquo;universit\u00e9 du Pays Basque est un mod\u00e8le du genre \u00e0 plusieurs titres. En premier lieu, il [&hellip;]<\/p>\n","protected":false},"author":1,"featured_media":0,"comment_status":"open","ping_status":"open","sticky":false,"template":"","format":"standard","meta":[],"categories":[1],"tags":[81,80],"_links":{"self":[{"href":"https:\/\/karstexplo.fr\/blog\/index.php?rest_route=\/wp\/v2\/posts\/840"}],"collection":[{"href":"https:\/\/karstexplo.fr\/blog\/index.php?rest_route=\/wp\/v2\/posts"}],"about":[{"href":"https:\/\/karstexplo.fr\/blog\/index.php?rest_route=\/wp\/v2\/types\/post"}],"author":[{"embeddable":true,"href":"https:\/\/karstexplo.fr\/blog\/index.php?rest_route=\/wp\/v2\/users\/1"}],"replies":[{"embeddable":true,"href":"https:\/\/karstexplo.fr\/blog\/index.php?rest_route=%2Fwp%2Fv2%2Fcomments&post=840"}],"version-history":[{"count":8,"href":"https:\/\/karstexplo.fr\/blog\/index.php?rest_route=\/wp\/v2\/posts\/840\/revisions"}],"predecessor-version":[{"id":849,"href":"https:\/\/karstexplo.fr\/blog\/index.php?rest_route=\/wp\/v2\/posts\/840\/revisions\/849"}],"wp:attachment":[{"href":"https:\/\/karstexplo.fr\/blog\/index.php?rest_route=%2Fwp%2Fv2%2Fmedia&parent=840"}],"wp:term":[{"taxonomy":"category","embeddable":true,"href":"https:\/\/karstexplo.fr\/blog\/index.php?rest_route=%2Fwp%2Fv2%2Fcategories&post=840"},{"taxonomy":"post_tag","embeddable":true,"href":"https:\/\/karstexplo.fr\/blog\/index.php?rest_route=%2Fwp%2Fv2%2Ftags&post=840"}],"curies":[{"name":"wp","href":"https:\/\/api.w.org\/{rel}","templated":true}]}}